{"id":40190,"date":"2024-11-24T19:34:56","date_gmt":"2024-11-24T18:34:56","guid":{"rendered":"https:\/\/blogs.elcomercio.es\/reflexiones-de-belarmino\/?p=40190"},"modified":"2024-11-24T19:34:56","modified_gmt":"2024-11-24T18:34:56","slug":"nuevas-inversiones-en-mexico-en-dos-meses-toyotajapon-smartehchchina-wefbrasil-y-avery-bennison-eeuu","status":"publish","type":"post","link":"https:\/\/blogs.elcomercio.es\/reflexiones-de-belarmino\/2024\/11\/24\/nuevas-inversiones-en-mexico-en-dos-meses-toyotajapon-smartehchchina-wefbrasil-y-avery-bennison-eeuu\/","title":{"rendered":"\u00a1\u00a1\u00a1\u00a1\u00a1NUEVAS INVERSIONES EN MEXICO. EN DOS MESES ,  TOYOTA,(JAPON),  SMARTEHCH(CHINA), WEF(BRASIL) Y AVERY BENNISON EE:UU)!!!"},"content":{"rendered":"\n<p>En 2 meses, con Marcelo Ebrard como Secretario de Econom\u00eda, en el gobierno de la doctora Claudia Sheinbaum se han firmado 4 contratos dee inversi\u00f3n de 4 paises en 4 estados del pa\u00eds. TOYOTA(Jap\u00f3n autos) en el estad de M\u00e9xico; SMARTEHCH ( China, sistemas electr\u00f3nicos ) en Coahuila; WEF (Brasil autos) y Benninson (EE:UU, digitalizaci\u00f3n).<\/p>\n\n\n\n<p><\/p>\n<!-- AddThis Advanced Settings generic via filter on the_content --><!-- AddThis Share Buttons generic via filter on the_content -->","protected":false},"excerpt":{"rendered":"<p>En 2 meses, con Marcelo Ebrard como Secretario de Econom\u00eda, en el gobierno de la doctora Claudia Sheinbaum se han firmado 4 contratos dee inversi\u00f3n de 4 paises en 4 estados del pa\u00eds. TOYOTA(Jap\u00f3n autos) en el estad de M\u00e9xico; SMARTEHCH ( China, sistemas electr\u00f3nicos ) en Coahuila; WEF (Brasil autos) y Benninson (EE:UU, digitalizaci\u00f3n).<!-- AddThis Advanced Settings generic via filter on get_the_excerpt --><!-- AddThis Share Buttons generic via filter on get_the_excerpt --><\/p>\n","protected":false},"author":16,"featured_media":0,"comment_status":"open","ping_status":"closed","sticky":false,"template":"","format":"standard","meta":[],"categories":[1],"tags":[],"_links":{"self":[{"href":"https:\/\/blogs.elcomercio.es\/reflexiones-de-belarmino\/wp-json\/wp\/v2\/posts\/40190"}],"collection":[{"href":"https:\/\/blogs.elcomercio.es\/reflexiones-de-belarmino\/wp-json\/wp\/v2\/posts"}],"about":[{"href":"https:\/\/blogs.elcomercio.es\/reflexiones-de-belarmino\/wp-json\/wp\/v2\/types\/post"}],"author":[{"embeddable":true,"href":"https:\/\/blogs.elcomercio.es\/reflexiones-de-belarmino\/wp-json\/wp\/v2\/users\/16"}],"replies":[{"embeddable":true,"href":"https:\/\/blogs.elcomercio.es\/reflexiones-de-belarmino\/wp-json\/wp\/v2\/comments?post=40190"}],"version-history":[{"count":1,"href":"https:\/\/blogs.elcomercio.es\/reflexiones-de-belarmino\/wp-json\/wp\/v2\/posts\/40190\/revisions"}],"predecessor-version":[{"id":40191,"href":"https:\/\/blogs.elcomercio.es\/reflexiones-de-belarmino\/wp-json\/wp\/v2\/posts\/40190\/revisions\/40191"}],"wp:attachment":[{"href":"https:\/\/blogs.elcomercio.es\/reflexiones-de-belarmino\/wp-json\/wp\/v2\/media?parent=40190"}],"wp:term":[{"taxonomy":"category","embeddable":true,"href":"https:\/\/blogs.elcomercio.es\/reflexiones-de-belarmino\/wp-json\/wp\/v2\/categories?post=40190"},{"taxonomy":"post_tag","embeddable":true,"href":"https:\/\/blogs.elcomercio.es\/reflexiones-de-belarmino\/wp-json\/wp\/v2\/tags?post=40190"}],"curies":[{"name":"wp","href":"https:\/\/api.w.org\/{rel}","templated":true}]}}