{"id":40218,"date":"2024-11-27T09:30:18","date_gmt":"2024-11-27T08:30:18","guid":{"rendered":"https:\/\/blogs.elcomercio.es\/reflexiones-de-belarmino\/?p=40218"},"modified":"2024-11-27T09:30:19","modified_gmt":"2024-11-27T08:30:19","slug":"paz-por-60-dias","status":"publish","type":"post","link":"https:\/\/blogs.elcomercio.es\/reflexiones-de-belarmino\/2024\/11\/27\/paz-por-60-dias\/","title":{"rendered":"\u00a1\u00a1\u00a1\u00a1\u00a1\u00a1\u00a1\u00a1\u00a1\u00a1\u00a1\u00a1\u00a1\u00a1\u00a1PAZ, POR 60 D\u00cdAS. !!!!!!!"},"content":{"rendered":"\n<p>Por fin se podr\u00e1 dormir tranquilo en Oriente pr\u00f3ximo. Por fin los gazaties,cisjordanos y libaneses, tendr\u00e1n PAZ, CON VIDA por 60 d\u00edas. Los que su paz es eterna, los 45,000 gazaties y 3,500 libanes asesinados por Israel, por menos saben que sus familiares, podr\u00e1n, durante dos meses(hasta que llegue Trump) dormir bien, comer caliente, tener en medicinas, jugar en los colegios.<\/p>\n\n\n\n<p><\/p>\n<!-- AddThis Advanced Settings generic via filter on the_content --><!-- AddThis Share Buttons generic via filter on the_content -->","protected":false},"excerpt":{"rendered":"<p>Por fin se podr\u00e1 dormir tranquilo en Oriente pr\u00f3ximo. Por fin los gazaties,cisjordanos y libaneses, tendr\u00e1n PAZ, CON VIDA por 60 d\u00edas. Los que su paz es eterna, los 45,000 gazaties y 3,500 libanes asesinados por Israel, por menos saben que sus familiares, podr\u00e1n, durante dos meses(hasta que llegue Trump) dormir bien, comer caliente, tener [&hellip;]<!-- AddThis Advanced Settings generic via filter on get_the_excerpt --><!-- AddThis Share Buttons generic via filter on get_the_excerpt --><\/p>\n","protected":false},"author":16,"featured_media":0,"comment_status":"open","ping_status":"closed","sticky":false,"template":"","format":"standard","meta":[],"categories":[1],"tags":[],"_links":{"self":[{"href":"https:\/\/blogs.elcomercio.es\/reflexiones-de-belarmino\/wp-json\/wp\/v2\/posts\/40218"}],"collection":[{"href":"https:\/\/blogs.elcomercio.es\/reflexiones-de-belarmino\/wp-json\/wp\/v2\/posts"}],"about":[{"href":"https:\/\/blogs.elcomercio.es\/reflexiones-de-belarmino\/wp-json\/wp\/v2\/types\/post"}],"author":[{"embeddable":true,"href":"https:\/\/blogs.elcomercio.es\/reflexiones-de-belarmino\/wp-json\/wp\/v2\/users\/16"}],"replies":[{"embeddable":true,"href":"https:\/\/blogs.elcomercio.es\/reflexiones-de-belarmino\/wp-json\/wp\/v2\/comments?post=40218"}],"version-history":[{"count":1,"href":"https:\/\/blogs.elcomercio.es\/reflexiones-de-belarmino\/wp-json\/wp\/v2\/posts\/40218\/revisions"}],"predecessor-version":[{"id":40219,"href":"https:\/\/blogs.elcomercio.es\/reflexiones-de-belarmino\/wp-json\/wp\/v2\/posts\/40218\/revisions\/40219"}],"wp:attachment":[{"href":"https:\/\/blogs.elcomercio.es\/reflexiones-de-belarmino\/wp-json\/wp\/v2\/media?parent=40218"}],"wp:term":[{"taxonomy":"category","embeddable":true,"href":"https:\/\/blogs.elcomercio.es\/reflexiones-de-belarmino\/wp-json\/wp\/v2\/categories?post=40218"},{"taxonomy":"post_tag","embeddable":true,"href":"https:\/\/blogs.elcomercio.es\/reflexiones-de-belarmino\/wp-json\/wp\/v2\/tags?post=40218"}],"curies":[{"name":"wp","href":"https:\/\/api.w.org\/{rel}","templated":true}]}}