{"id":40226,"date":"2024-11-27T16:21:57","date_gmt":"2024-11-27T15:21:57","guid":{"rendered":"https:\/\/blogs.elcomercio.es\/reflexiones-de-belarmino\/?p=40226"},"modified":"2024-11-27T16:21:57","modified_gmt":"2024-11-27T15:21:57","slug":"quien-fue-el-periodista-que-la-casa-real-utilizo-para-su-segunda-visita-carlos-herrera-de-la-cope-quien-le-dio-tribuna-hoy-a-de-aldama-para-que-atacase-al-gobi","status":"publish","type":"post","link":"https:\/\/blogs.elcomercio.es\/reflexiones-de-belarmino\/2024\/11\/27\/quien-fue-el-periodista-que-la-casa-real-utilizo-para-su-segunda-visita-carlos-herrera-de-la-cope-quien-le-dio-tribuna-hoy-a-de-aldama-para-que-atacase-al-gobi\/","title":{"rendered":"\u00a1\u00a1\u00a1\u00a1\u00bf QUIEN FUE EL PERIODISTA QUE LA CASA REAL UTILIZ\u00d3 PARA SU SEGUNDA VISITA?: CARLOS HERRERA DE LA COPE.-\u00bf QUIEN LE DIO TRIBUNA HOY A DE ALDAMA PARA QUE ATACASE AL GOBIERNO?.- CARLOS HERRERA, DE LA COPE, LA TELEVISORA DE LA IGLESIA .NO ES CASUAL !!!!"},"content":{"rendered":"\n<p>Hemos mantenido en el enfrentamiento entre Felipe VI y Pedro Sanchez en su visita a Paiporta, el rey y la reina prepararon una segunda visita a Chiva, en Valencia, viene preparada y custodiada, donde a pregunta a el rey sobre Sanchez le respondi\u00f3&#8221; DONDE DEBE DE ESTAR, EN EL G 20 &#8220;.<\/p>\n\n\n\n<p>En aquella visita NO ES LE PERMITI\u00d3 A LA PRENSA ACERCARSE, salvo a una persona a quien Letizia, ante el lavado del lodazal, le encargo la exclusiva del evento. Ese periodista, llam\u00f3 la atenci\u00f3n de la reina en su rato con \u00e9l fue CARLOS HERRERA el periodista de la COPE, la estaci\u00f3n de radio y televisi\u00f3n de la Iglesia Cat\u00f3lica  Espa\u00f1ola.<\/p>\n\n\n\n<p>Pero, para mayor respuesta, hoy aparece Victor de Aldama,por primera vez desde que est\u00e1 en la calle, en unaa entyrevista para atacar a Pedro S\u00e1nchez, por supuesto en la Cadena Cope con CARLOS HERRERA.<\/p>\n\n\n\n<p>La reina Letizia, la de la fotograf\u00eda donde aparece Felipe VI, como rey, ella aparece como estrella de Hollywood.<\/p>\n\n\n\n<p>DEBE RECORDAR LA REINA QUE PEDRO SANCHEZ Y EL PSOE, NO SON EL EM\u00c9RITO.<\/p>\n\n\n\n<p>El \u00fanico fin de una monarqu\u00eda, es lograr, que SOBREVIVA LA FAMILIA, HOY LOS BORBONES. Hoy han apostado por derecha,.Muchos no lo van a olvidar..<\/p>\n\n\n\n<p><\/p>\n<!-- AddThis Advanced Settings generic via filter on the_content --><!-- AddThis Share Buttons generic via filter on the_content -->","protected":false},"excerpt":{"rendered":"<p>Hemos mantenido en el enfrentamiento entre Felipe VI y Pedro Sanchez en su visita a Paiporta, el rey y la reina prepararon una segunda visita a Chiva, en Valencia, viene preparada y custodiada, donde a pregunta a el rey sobre Sanchez le respondi\u00f3&#8221; DONDE DEBE DE ESTAR, EN EL G 20 &#8220;. En aquella visita [&hellip;]<!-- AddThis Advanced Settings generic via filter on get_the_excerpt --><!-- AddThis Share Buttons generic via filter on get_the_excerpt --><\/p>\n","protected":false},"author":16,"featured_media":0,"comment_status":"open","ping_status":"closed","sticky":false,"template":"","format":"standard","meta":[],"categories":[1],"tags":[],"_links":{"self":[{"href":"https:\/\/blogs.elcomercio.es\/reflexiones-de-belarmino\/wp-json\/wp\/v2\/posts\/40226"}],"collection":[{"href":"https:\/\/blogs.elcomercio.es\/reflexiones-de-belarmino\/wp-json\/wp\/v2\/posts"}],"about":[{"href":"https:\/\/blogs.elcomercio.es\/reflexiones-de-belarmino\/wp-json\/wp\/v2\/types\/post"}],"author":[{"embeddable":true,"href":"https:\/\/blogs.elcomercio.es\/reflexiones-de-belarmino\/wp-json\/wp\/v2\/users\/16"}],"replies":[{"embeddable":true,"href":"https:\/\/blogs.elcomercio.es\/reflexiones-de-belarmino\/wp-json\/wp\/v2\/comments?post=40226"}],"version-history":[{"count":1,"href":"https:\/\/blogs.elcomercio.es\/reflexiones-de-belarmino\/wp-json\/wp\/v2\/posts\/40226\/revisions"}],"predecessor-version":[{"id":40227,"href":"https:\/\/blogs.elcomercio.es\/reflexiones-de-belarmino\/wp-json\/wp\/v2\/posts\/40226\/revisions\/40227"}],"wp:attachment":[{"href":"https:\/\/blogs.elcomercio.es\/reflexiones-de-belarmino\/wp-json\/wp\/v2\/media?parent=40226"}],"wp:term":[{"taxonomy":"category","embeddable":true,"href":"https:\/\/blogs.elcomercio.es\/reflexiones-de-belarmino\/wp-json\/wp\/v2\/categories?post=40226"},{"taxonomy":"post_tag","embeddable":true,"href":"https:\/\/blogs.elcomercio.es\/reflexiones-de-belarmino\/wp-json\/wp\/v2\/tags?post=40226"}],"curies":[{"name":"wp","href":"https:\/\/api.w.org\/{rel}","templated":true}]}}