{"id":40256,"date":"2024-11-30T11:39:59","date_gmt":"2024-11-30T10:39:59","guid":{"rendered":"https:\/\/blogs.elcomercio.es\/reflexiones-de-belarmino\/?p=40256"},"modified":"2024-11-30T11:40:00","modified_gmt":"2024-11-30T10:40:00","slug":"un-pillazo-que-terminara-mal-aldama-a-secas-ni-descendientes-de-los-duques-de-aldama-primero-con-ana-botella-luego-con-quien-se-dejaba","status":"publish","type":"post","link":"https:\/\/blogs.elcomercio.es\/reflexiones-de-belarmino\/2024\/11\/30\/un-pillazo-que-terminara-mal-aldama-a-secas-ni-descendientes-de-los-duques-de-aldama-primero-con-ana-botella-luego-con-quien-se-dejaba\/","title":{"rendered":"\u00a1\u00a1\u00a1\u00a1 UN &#8220;PILLAZO&#8221; QUE TERMINAR\u00c1 MAL: &#8220;ALDAMA&#8221; A SECAS., NI DESCENDIENTES DE LOS DUQUES DE ALDAMA, PRIMERO CON ANA BOTELLA, LUEGO CON QUIEN SE DEJABA!!!!"},"content":{"rendered":"\n<p>Muy pronto en la vida aprendi\u00f3 como se pod\u00edan manejar el poder para ,\u00a1\u00a1OF COURSE!!, lograr la PASTA en Espa\u00f1a pero Victor Aldama. le parec\u00eda &#8220;pijo&#8221;Primero, se sac\u00f3 un descendencia de los duques DE ALDAMA, sab\u00eda que a su apellido le falataba el DE aristocr\u00e1tico.<\/p>\n\n\n\n<p>Resuelto, sab\u00eda que si no hab\u00edas trabajado para tener dinero, hab\u00eda qque juntarse con la clase politica, para abrir la puerta de los negocios, previa comisi\u00f3n. Y as\u00ed empez\u00f3 con Ana Botella, en la \u00e9poca dorada de Aznar. Las fotos con ella, era de m\u00e1s cercan\u00eda que  la que necesitar\u00eda antes del viaje con Koldo y Abalos a Oaxaca. para entrevistarse con el gobernador Murat.<\/p>\n\n\n\n<p>\u00bf Como lo hacia?. Todos los d\u00edas le\u00eda los diarios y sab\u00eda la personalidades emergentes. Por ello, cuando irrumpi\u00f3 Pedro Sanchez, de inmediato a trav\u00e9s de su hermano, le &#8220;cay\u00f3&#8221; a aquel Koldo,&#8221; chicarron del norte, tan necesitado como el de contactos para hacer dinero. Y de ah\u00ed, la mirada se fija, como antes con Botella, en el Superministro Abalos.<\/p>\n\n\n\n<p>El siguiente paso, a trav\u00e9s del corrupto como Koldo, caerle ala fuerte, sobre viendo el exito que ten\u00edan las empresas espa\u00f1olas en Venezuela y en M\u00e9xico.<\/p>\n\n\n\n<p>Se presentaba con las fotos de Botella, las de S\u00e1nchez como el GRAN CONSEGUIDOR de los negocios, y se acercaba donde estaban los capitales y ofreci\u00e9ndoles sus servicios. Tecnicas y Contratas, Air Europa, entre otras, buscaban al tal DE ALDAMA, abridor de todas las puertas para hacer negocio. \u00bfMascarillas?, \u00bfPetroleo?, \u00bfOro?.<\/p>\n\n\n\n<p>Y as\u00ed fue penetrando, sin gran dinero propio el INTERMEDIARIO FAMOSO, capaz de abrir las puerta del poder para  que los empresarios, previa comisioncita, se hicieran m\u00e1s ricos.<\/p>\n\n\n\n<p>Pero ubicado en los medios del exilio venezolano, a trav\u00e9s de fotos con Guaid\u00f3, Maduro, Sanchez, Murat, el CEO de Air Europa, The objective lo compr\u00f3 para la gran tarea: Tirar a Sanchez, causa de todos sus males.<\/p>\n\n\n\n<p>LO dem\u00e1s lo har\u00edan las &#8220;ca\u00f1er\u00edas de la informaci\u00f3n&#8221; (los Pedro J, los Indas, y dem\u00e1s).<\/p>\n\n\n\n<p>SU GRAN NEGOCIO ERA  Y ES TIRAR A SANCHEZ.<\/p>\n\n\n\n<p>Su futuro asegurado en Dominicana, faltar\u00eda mas.<\/p>\n\n\n\n<p>Terminar\u00e1 mal&#8230;&#8230;<\/p>\n<!-- AddThis Advanced Settings generic via filter on the_content --><!-- AddThis Share Buttons generic via filter on the_content -->","protected":false},"excerpt":{"rendered":"<p>Muy pronto en la vida aprendi\u00f3 como se pod\u00edan manejar el poder para ,\u00a1\u00a1OF COURSE!!, lograr la PASTA en Espa\u00f1a pero Victor Aldama. le parec\u00eda &#8220;pijo&#8221;Primero, se sac\u00f3 un descendencia de los duques DE ALDAMA, sab\u00eda que a su apellido le falataba el DE aristocr\u00e1tico. Resuelto, sab\u00eda que si no hab\u00edas trabajado para tener dinero, [&hellip;]<!-- AddThis Advanced Settings generic via filter on get_the_excerpt --><!-- AddThis Share Buttons generic via filter on get_the_excerpt --><\/p>\n","protected":false},"author":16,"featured_media":0,"comment_status":"open","ping_status":"closed","sticky":false,"template":"","format":"standard","meta":[],"categories":[1],"tags":[],"_links":{"self":[{"href":"https:\/\/blogs.elcomercio.es\/reflexiones-de-belarmino\/wp-json\/wp\/v2\/posts\/40256"}],"collection":[{"href":"https:\/\/blogs.elcomercio.es\/reflexiones-de-belarmino\/wp-json\/wp\/v2\/posts"}],"about":[{"href":"https:\/\/blogs.elcomercio.es\/reflexiones-de-belarmino\/wp-json\/wp\/v2\/types\/post"}],"author":[{"embeddable":true,"href":"https:\/\/blogs.elcomercio.es\/reflexiones-de-belarmino\/wp-json\/wp\/v2\/users\/16"}],"replies":[{"embeddable":true,"href":"https:\/\/blogs.elcomercio.es\/reflexiones-de-belarmino\/wp-json\/wp\/v2\/comments?post=40256"}],"version-history":[{"count":1,"href":"https:\/\/blogs.elcomercio.es\/reflexiones-de-belarmino\/wp-json\/wp\/v2\/posts\/40256\/revisions"}],"predecessor-version":[{"id":40257,"href":"https:\/\/blogs.elcomercio.es\/reflexiones-de-belarmino\/wp-json\/wp\/v2\/posts\/40256\/revisions\/40257"}],"wp:attachment":[{"href":"https:\/\/blogs.elcomercio.es\/reflexiones-de-belarmino\/wp-json\/wp\/v2\/media?parent=40256"}],"wp:term":[{"taxonomy":"category","embeddable":true,"href":"https:\/\/blogs.elcomercio.es\/reflexiones-de-belarmino\/wp-json\/wp\/v2\/categories?post=40256"},{"taxonomy":"post_tag","embeddable":true,"href":"https:\/\/blogs.elcomercio.es\/reflexiones-de-belarmino\/wp-json\/wp\/v2\/tags?post=40256"}],"curies":[{"name":"wp","href":"https:\/\/api.w.org\/{rel}","templated":true}]}}