{"id":40263,"date":"2024-11-30T18:15:44","date_gmt":"2024-11-30T17:15:44","guid":{"rendered":"https:\/\/blogs.elcomercio.es\/reflexiones-de-belarmino\/?p=40263"},"modified":"2024-11-30T18:15:44","modified_gmt":"2024-11-30T17:15:44","slug":"el-llanisco-juan-collado-pago-a-un-juezcomo-todos-los-de-su-nivel-salio-de-la-carcel-dejo-a-mujer-e-hijos-regreso-al-paraiso-dorado-donde-el-banco-de-andorra-descubrio-ayer-un","status":"publish","type":"post","link":"https:\/\/blogs.elcomercio.es\/reflexiones-de-belarmino\/2024\/11\/30\/el-llanisco-juan-collado-pago-a-un-juezcomo-todos-los-de-su-nivel-salio-de-la-carcel-dejo-a-mujer-e-hijos-regreso-al-paraiso-dorado-donde-el-banco-de-andorra-descubrio-ayer-un\/","title":{"rendered":"\u00a1\u00a1\u00a1EL LLANISCO JUAN COLLADO, PAG\u00d3 A UN JUEZ,COMO TODOS LOS DE SU NIVEL, SALIO DE LA  C\u00c1RCEL, DEJO A MUJER E HIJOS, REGRES\u00d3 AL PARA\u00cdSO DORADO DONDE, EL BANCO DE ANDORRA DESCUBRI\u00d3 AYER UN TESTAFERRO CON 100 MILLONES DE EUROS !!"},"content":{"rendered":"\n<p>Se acabaron aquellos tiempos de &#8221; Hacer las Am\u00e9ricas&#8221;, por lo menos en M\u00e9xico. Antes de que se aprobase la  reforma a la Constituci\u00f3n para reformar el Poder Judicial, el amo de presidentes, oligarcas y hasta Julio Iglesias, el magnate de los para\u00edsos fiscales y del lavado de dinero, el Llanisco todo poderoso Juan Colllado, que estaba en la c\u00e1rcel, debe haber sobornado a su juez, se divorcio de su esposa, dejo sus hijos y, uno m\u00e1s, regreso al DORADO: Espa\u00f1a.<\/p>\n\n\n\n<p>Sin saberlo, hoy El Pa\u00eds habla del testaferro de Juan Collado, Javier Sanchez Moreno, que le encontraron enriquecimiento ilicito por 100 millones de dolares en bancos de Andorra.<\/p>\n\n\n\n<p>Lastima de asturiano. Con el nuevo poder judicial, en M\u00e9xico si en Espa\u00f1a lo detienen y lo extraditan, puede volver al Reclusorio Norte.<\/p>\n\n\n\n<p>Muchos espa\u00f1oles, hasta t\u00e9cnicos de Duro Felguera le esta yendo muy bien, cuando entraron a la buena.<\/p>\n\n\n\n<p>Aquel viejo M\u00e9xico, que pervive por la falta de informaci\u00f3n de los corresponsales espa\u00f1oles, ya no existe.<\/p>\n\n\n\n<p>Quisi\u00e9ramos en Espa\u00f1a el haber logrado el cambio del Poder Judicial, hoy, usado por los que se oponen a los cambios, que ya es una realidad a 10,000 kms de distancia.<\/p>\n<!-- AddThis Advanced Settings generic via filter on the_content --><!-- AddThis Share Buttons generic via filter on the_content -->","protected":false},"excerpt":{"rendered":"<p>Se acabaron aquellos tiempos de &#8221; Hacer las Am\u00e9ricas&#8221;, por lo menos en M\u00e9xico. Antes de que se aprobase la reforma a la Constituci\u00f3n para reformar el Poder Judicial, el amo de presidentes, oligarcas y hasta Julio Iglesias, el magnate de los para\u00edsos fiscales y del lavado de dinero, el Llanisco todo poderoso Juan Colllado, [&hellip;]<!-- AddThis Advanced Settings generic via filter on get_the_excerpt --><!-- AddThis Share Buttons generic via filter on get_the_excerpt --><\/p>\n","protected":false},"author":16,"featured_media":0,"comment_status":"open","ping_status":"closed","sticky":false,"template":"","format":"standard","meta":[],"categories":[1],"tags":[],"_links":{"self":[{"href":"https:\/\/blogs.elcomercio.es\/reflexiones-de-belarmino\/wp-json\/wp\/v2\/posts\/40263"}],"collection":[{"href":"https:\/\/blogs.elcomercio.es\/reflexiones-de-belarmino\/wp-json\/wp\/v2\/posts"}],"about":[{"href":"https:\/\/blogs.elcomercio.es\/reflexiones-de-belarmino\/wp-json\/wp\/v2\/types\/post"}],"author":[{"embeddable":true,"href":"https:\/\/blogs.elcomercio.es\/reflexiones-de-belarmino\/wp-json\/wp\/v2\/users\/16"}],"replies":[{"embeddable":true,"href":"https:\/\/blogs.elcomercio.es\/reflexiones-de-belarmino\/wp-json\/wp\/v2\/comments?post=40263"}],"version-history":[{"count":1,"href":"https:\/\/blogs.elcomercio.es\/reflexiones-de-belarmino\/wp-json\/wp\/v2\/posts\/40263\/revisions"}],"predecessor-version":[{"id":40264,"href":"https:\/\/blogs.elcomercio.es\/reflexiones-de-belarmino\/wp-json\/wp\/v2\/posts\/40263\/revisions\/40264"}],"wp:attachment":[{"href":"https:\/\/blogs.elcomercio.es\/reflexiones-de-belarmino\/wp-json\/wp\/v2\/media?parent=40263"}],"wp:term":[{"taxonomy":"category","embeddable":true,"href":"https:\/\/blogs.elcomercio.es\/reflexiones-de-belarmino\/wp-json\/wp\/v2\/categories?post=40263"},{"taxonomy":"post_tag","embeddable":true,"href":"https:\/\/blogs.elcomercio.es\/reflexiones-de-belarmino\/wp-json\/wp\/v2\/tags?post=40263"}],"curies":[{"name":"wp","href":"https:\/\/api.w.org\/{rel}","templated":true}]}}