{"id":40403,"date":"2024-12-10T11:49:12","date_gmt":"2024-12-10T10:49:12","guid":{"rendered":"https:\/\/blogs.elcomercio.es\/reflexiones-de-belarmino\/?p=40403"},"modified":"2024-12-10T11:49:13","modified_gmt":"2024-12-10T10:49:13","slug":"las-lagrimas-de-lula-con-mujica-antes-de-ser-operado-ayer","status":"publish","type":"post","link":"https:\/\/blogs.elcomercio.es\/reflexiones-de-belarmino\/2024\/12\/10\/las-lagrimas-de-lula-con-mujica-antes-de-ser-operado-ayer\/","title":{"rendered":"\u00a1\u00a1\u00a1\u00a1LAS LAGRIMAS DE LULA CON MUJICA, ANTES DE SER OPERADO AYER !!!"},"content":{"rendered":"\n<p>Inolvidables escenas durante la visita de Lula, a la casita de campo que tiene Jos\u00e9 M\u00fajica. Dos grandes entre los presidentes latino americanos. Lula estaba en Uruguay por la reuni\u00f3n del Mercosur, y, por supuesto, antes de irse se traslad\u00f3 a la modestisima casita que ocupa el que fu\u00e9 guerrillero, encarcelado, presidente de la Rep\u00fablica. En s\u00edntesis uno de los principales referentes en el mundo de lo que es la coherencia de un hombre.<\/p>\n\n\n\n<p>Cansado, avejentado LULA, no pod\u00eda irse sin abrazar y homenajear a su ilustre amigo.Al verse, ambos, M\u00fajica, encorvado y bast\u00f3n y su cabella blanco, y Lula, agotado, pero triunfador, se abrazaron llorando los dos.<\/p>\n\n\n\n<p>Impactante.<\/p>\n\n\n\n<p>Y LULA( el obrero siderometalurgico),. que a los 50 a\u00f1os recibi\u00f3 su primer diploma en la vida: PRESIDENTE DEL BRASIL, abrazado con Pepe M\u00fajica, dijo: &#8221; He estado con  casi todos los presidentes del mundo, y, con plena seguridad, Pepe, has sido el mejor &#8220;.<\/p>\n\n\n\n<p>Con l\u00e1grimas en los ojos, Mujica, s\u00f3lo replicaba &#8221; He hecho lo m\u00e1s que he podido&#8221;.<\/p>\n\n\n\n<p>El video, nos mostraba a los dos ya fuera de la emoci\u00f3n inicial, conversando en un rinc\u00f3n de aquel jardincito de M\u00fajica, ante el asedio de guardias de seguridad, periodistas y la mirada de aquella mujer de cabello blanco, la compa\u00f1era de la vida del uruguayo.<\/p>\n\n\n\n<p>V\u00ed el v\u00eddeo anoche, emocionante y hoy me encuentro con la noticia: &#8221; LULA OPERADO  INTERCRANEALMENTE en el hospital, debido a secuelas de una ca\u00edda en su casa &#8220;.<\/p>\n\n\n\n<p>Dolor y esperanza.<\/p>\n\n\n\n<p>Con Fidel, el Che,, Chavez, ellos dos, orgullosamente referente de generaciones, de ayer, hoy y ma\u00f1ana<\/p>\n\n\n\n<p><\/p>\n<!-- AddThis Advanced Settings generic via filter on the_content --><!-- AddThis Share Buttons generic via filter on the_content -->","protected":false},"excerpt":{"rendered":"<p>Inolvidables escenas durante la visita de Lula, a la casita de campo que tiene Jos\u00e9 M\u00fajica. Dos grandes entre los presidentes latino americanos. Lula estaba en Uruguay por la reuni\u00f3n del Mercosur, y, por supuesto, antes de irse se traslad\u00f3 a la modestisima casita que ocupa el que fu\u00e9 guerrillero, encarcelado, presidente de la Rep\u00fablica. [&hellip;]<!-- AddThis Advanced Settings generic via filter on get_the_excerpt --><!-- AddThis Share Buttons generic via filter on get_the_excerpt --><\/p>\n","protected":false},"author":16,"featured_media":0,"comment_status":"open","ping_status":"closed","sticky":false,"template":"","format":"standard","meta":[],"categories":[1],"tags":[],"_links":{"self":[{"href":"https:\/\/blogs.elcomercio.es\/reflexiones-de-belarmino\/wp-json\/wp\/v2\/posts\/40403"}],"collection":[{"href":"https:\/\/blogs.elcomercio.es\/reflexiones-de-belarmino\/wp-json\/wp\/v2\/posts"}],"about":[{"href":"https:\/\/blogs.elcomercio.es\/reflexiones-de-belarmino\/wp-json\/wp\/v2\/types\/post"}],"author":[{"embeddable":true,"href":"https:\/\/blogs.elcomercio.es\/reflexiones-de-belarmino\/wp-json\/wp\/v2\/users\/16"}],"replies":[{"embeddable":true,"href":"https:\/\/blogs.elcomercio.es\/reflexiones-de-belarmino\/wp-json\/wp\/v2\/comments?post=40403"}],"version-history":[{"count":1,"href":"https:\/\/blogs.elcomercio.es\/reflexiones-de-belarmino\/wp-json\/wp\/v2\/posts\/40403\/revisions"}],"predecessor-version":[{"id":40404,"href":"https:\/\/blogs.elcomercio.es\/reflexiones-de-belarmino\/wp-json\/wp\/v2\/posts\/40403\/revisions\/40404"}],"wp:attachment":[{"href":"https:\/\/blogs.elcomercio.es\/reflexiones-de-belarmino\/wp-json\/wp\/v2\/media?parent=40403"}],"wp:term":[{"taxonomy":"category","embeddable":true,"href":"https:\/\/blogs.elcomercio.es\/reflexiones-de-belarmino\/wp-json\/wp\/v2\/categories?post=40403"},{"taxonomy":"post_tag","embeddable":true,"href":"https:\/\/blogs.elcomercio.es\/reflexiones-de-belarmino\/wp-json\/wp\/v2\/tags?post=40403"}],"curies":[{"name":"wp","href":"https:\/\/api.w.org\/{rel}","templated":true}]}}