{"id":40639,"date":"2024-12-30T12:27:37","date_gmt":"2024-12-30T11:27:37","guid":{"rendered":"https:\/\/blogs.elcomercio.es\/reflexiones-de-belarmino\/?p=40639"},"modified":"2024-12-30T12:27:38","modified_gmt":"2024-12-30T11:27:38","slug":"fallo-judicial-permite-a-trump-anunciar-que-levantara-el-muro-mas-alla-de-la-de-los-750-kilometros","status":"publish","type":"post","link":"https:\/\/blogs.elcomercio.es\/reflexiones-de-belarmino\/2024\/12\/30\/fallo-judicial-permite-a-trump-anunciar-que-levantara-el-muro-mas-alla-de-la-de-los-750-kilometros\/","title":{"rendered":"\u00a1\u00a1\u00a1\u00a1FALLO JUDICIAL, PERMITE A TRUMP ANUNCIAR QUE LEVANTAR\u00c1 EL MURO. M\u00c1S ALL\u00c1 DE LA DE LOS 750 KIL\u00d3METROS !!"},"content":{"rendered":"\n<p>Trump acaba e obtener un fallo judicial para que se queden donde estaban todos los materiales y construcciones de los 750 kil\u00f3metros de Muro y que LEVANTAR\u00c1 EL MURO EN LA FRONTERA en los 3,500 kil\u00f3metros.<\/p>\n<!-- AddThis Advanced Settings generic via filter on the_content --><!-- AddThis Share Buttons generic via filter on the_content -->","protected":false},"excerpt":{"rendered":"<p>Trump acaba e obtener un fallo judicial para que se queden donde estaban todos los materiales y construcciones de los 750 kil\u00f3metros de Muro y que LEVANTAR\u00c1 EL MURO EN LA FRONTERA en los 3,500 kil\u00f3metros.<!-- AddThis Advanced Settings generic via filter on get_the_excerpt --><!-- AddThis Share Buttons generic via filter on get_the_excerpt --><\/p>\n","protected":false},"author":16,"featured_media":0,"comment_status":"open","ping_status":"closed","sticky":false,"template":"","format":"standard","meta":[],"categories":[1],"tags":[],"_links":{"self":[{"href":"https:\/\/blogs.elcomercio.es\/reflexiones-de-belarmino\/wp-json\/wp\/v2\/posts\/40639"}],"collection":[{"href":"https:\/\/blogs.elcomercio.es\/reflexiones-de-belarmino\/wp-json\/wp\/v2\/posts"}],"about":[{"href":"https:\/\/blogs.elcomercio.es\/reflexiones-de-belarmino\/wp-json\/wp\/v2\/types\/post"}],"author":[{"embeddable":true,"href":"https:\/\/blogs.elcomercio.es\/reflexiones-de-belarmino\/wp-json\/wp\/v2\/users\/16"}],"replies":[{"embeddable":true,"href":"https:\/\/blogs.elcomercio.es\/reflexiones-de-belarmino\/wp-json\/wp\/v2\/comments?post=40639"}],"version-history":[{"count":1,"href":"https:\/\/blogs.elcomercio.es\/reflexiones-de-belarmino\/wp-json\/wp\/v2\/posts\/40639\/revisions"}],"predecessor-version":[{"id":40640,"href":"https:\/\/blogs.elcomercio.es\/reflexiones-de-belarmino\/wp-json\/wp\/v2\/posts\/40639\/revisions\/40640"}],"wp:attachment":[{"href":"https:\/\/blogs.elcomercio.es\/reflexiones-de-belarmino\/wp-json\/wp\/v2\/media?parent=40639"}],"wp:term":[{"taxonomy":"category","embeddable":true,"href":"https:\/\/blogs.elcomercio.es\/reflexiones-de-belarmino\/wp-json\/wp\/v2\/categories?post=40639"},{"taxonomy":"post_tag","embeddable":true,"href":"https:\/\/blogs.elcomercio.es\/reflexiones-de-belarmino\/wp-json\/wp\/v2\/tags?post=40639"}],"curies":[{"name":"wp","href":"https:\/\/api.w.org\/{rel}","templated":true}]}}