{"id":40641,"date":"2024-12-30T13:04:28","date_gmt":"2024-12-30T12:04:28","guid":{"rendered":"https:\/\/blogs.elcomercio.es\/reflexiones-de-belarmino\/?p=40641"},"modified":"2024-12-30T13:04:28","modified_gmt":"2024-12-30T12:04:28","slug":"miguel-angel-no-le-salio-la-jugada-mandar-a-isabel-a-corea-para-que-al-regreso-poner-el-ejemplo-de-madridcon-la-dictadura-de-sanchez-hizo-caer-al-gobierno-y-mostro","status":"publish","type":"post","link":"https:\/\/blogs.elcomercio.es\/reflexiones-de-belarmino\/2024\/12\/30\/miguel-angel-no-le-salio-la-jugada-mandar-a-isabel-a-corea-para-que-al-regreso-poner-el-ejemplo-de-madridcon-la-dictadura-de-sanchez-hizo-caer-al-gobierno-y-mostro\/","title":{"rendered":"\u00a1\u00a1\u00a1\u00a1\u00a1MIGUEL ANGEL, NO LE SALI\u00d3 LA JUGADA. MANDAR A ISABEL A COREA PARA QUE, AL REGRESO, PONER EL EJEMPLO DE MADRID,CON LA DICTADURA DE SANCHEZ, HIZO CAER AL GOBIERNO Y MOSTR\u00d3 CON EL ACCIDENTE EL ATRASO DE COREA DEL SUR !!"},"content":{"rendered":"\n<p>\u00a1Ay, don MIguel Angel, no le sali\u00f3 la jugada.!&#8221;Isabel vete a Corea del sur y con ello, al regreso pones el referente espa\u00f1ol entra la Corea de la libertad y la dictadura del Norte, como ejemplo de la luchaa contra el Sanchismo.&#8221;.Nada m\u00e1s poner los pies all\u00ed, cay\u00f3 el gobierno, el pais entr\u00f3 en crisis y para finalizar el avi\u00f3n se estrell\u00f3 por que no habia espacio de retenci\u00f3n antes de la barda. PRESAGIO DE LO QUE PASAR\u00c1 EN MADRID EN 2027.<\/p>\n\n\n\n<p><\/p>\n<!-- AddThis Advanced Settings generic via filter on the_content --><!-- AddThis Share Buttons generic via filter on the_content -->","protected":false},"excerpt":{"rendered":"<p>\u00a1Ay, don MIguel Angel, no le sali\u00f3 la jugada.!&#8221;Isabel vete a Corea del sur y con ello, al regreso pones el referente espa\u00f1ol entra la Corea de la libertad y la dictadura del Norte, como ejemplo de la luchaa contra el Sanchismo.&#8221;.Nada m\u00e1s poner los pies all\u00ed, cay\u00f3 el gobierno, el pais entr\u00f3 en crisis [&hellip;]<!-- AddThis Advanced Settings generic via filter on get_the_excerpt --><!-- AddThis Share Buttons generic via filter on get_the_excerpt --><\/p>\n","protected":false},"author":16,"featured_media":0,"comment_status":"open","ping_status":"closed","sticky":false,"template":"","format":"standard","meta":[],"categories":[1],"tags":[],"_links":{"self":[{"href":"https:\/\/blogs.elcomercio.es\/reflexiones-de-belarmino\/wp-json\/wp\/v2\/posts\/40641"}],"collection":[{"href":"https:\/\/blogs.elcomercio.es\/reflexiones-de-belarmino\/wp-json\/wp\/v2\/posts"}],"about":[{"href":"https:\/\/blogs.elcomercio.es\/reflexiones-de-belarmino\/wp-json\/wp\/v2\/types\/post"}],"author":[{"embeddable":true,"href":"https:\/\/blogs.elcomercio.es\/reflexiones-de-belarmino\/wp-json\/wp\/v2\/users\/16"}],"replies":[{"embeddable":true,"href":"https:\/\/blogs.elcomercio.es\/reflexiones-de-belarmino\/wp-json\/wp\/v2\/comments?post=40641"}],"version-history":[{"count":1,"href":"https:\/\/blogs.elcomercio.es\/reflexiones-de-belarmino\/wp-json\/wp\/v2\/posts\/40641\/revisions"}],"predecessor-version":[{"id":40642,"href":"https:\/\/blogs.elcomercio.es\/reflexiones-de-belarmino\/wp-json\/wp\/v2\/posts\/40641\/revisions\/40642"}],"wp:attachment":[{"href":"https:\/\/blogs.elcomercio.es\/reflexiones-de-belarmino\/wp-json\/wp\/v2\/media?parent=40641"}],"wp:term":[{"taxonomy":"category","embeddable":true,"href":"https:\/\/blogs.elcomercio.es\/reflexiones-de-belarmino\/wp-json\/wp\/v2\/categories?post=40641"},{"taxonomy":"post_tag","embeddable":true,"href":"https:\/\/blogs.elcomercio.es\/reflexiones-de-belarmino\/wp-json\/wp\/v2\/tags?post=40641"}],"curies":[{"name":"wp","href":"https:\/\/api.w.org\/{rel}","templated":true}]}}