{"id":40796,"date":"2025-01-10T13:34:41","date_gmt":"2025-01-10T12:34:41","guid":{"rendered":"https:\/\/blogs.elcomercio.es\/reflexiones-de-belarmino\/?p=40796"},"modified":"2025-01-10T13:34:42","modified_gmt":"2025-01-10T12:34:42","slug":"el-macho-alfa-de-la-senora-ayuso-se-lanza-a-defender-el-honor-de-la-senora-quieren-pelea-la-tendran-miguel-angel-rodriguez","status":"publish","type":"post","link":"https:\/\/blogs.elcomercio.es\/reflexiones-de-belarmino\/2025\/01\/10\/el-macho-alfa-de-la-senora-ayuso-se-lanza-a-defender-el-honor-de-la-senora-quieren-pelea-la-tendran-miguel-angel-rodriguez\/","title":{"rendered":"\u00a1\u00a1\u00a1\u00a1\u00a1EL &#8220;MACHO ALFA&#8221; DE LA SE\u00d1ORA AYUSO, SE LANZA A DEFENDER EL HONOR DE LA SE\u00d1ORA.&#8221;\u00bfQUIEREN PELEA?, LA TENDR\u00c1N&#8221;: MIGUEL ANGEL RODRIGUEZ !!!!"},"content":{"rendered":"\n<p>Como en sus viejos tiempos con Aznar antes de que lo despidiese, ha comparecido ante la justicia, MIguel \u00c1ngel Rodr\u00edguez. Acepto que \u00e9l filtr\u00f3 a El Mundo, lo que hacia el &#8220;extraordinario ciudadano, gran empresario, siempre en la ley, el se\u00f1or Amador. Pero no qued\u00f3 ah\u00ed. Como en los viejos tiempos, con su armadura al frente, se LANZO A DEFENDER EL HONOR DE SU DAMA&#8221;.<\/p>\n\n\n\n<p>Y , desde hace 2 d\u00edas, visitando a todos los medios, se convirti\u00f3 en lo que es: El macho Alfa de la se\u00f1ora Isabel Ayuso. Se puso en pie de guerra: &#8221; \u00bf Quieren pelea?, \u00a1\u00a1La tendr\u00e1n hasta el final !!!<\/p>\n<!-- AddThis Advanced Settings generic via filter on the_content --><!-- AddThis Share Buttons generic via filter on the_content -->","protected":false},"excerpt":{"rendered":"<p>Como en sus viejos tiempos con Aznar antes de que lo despidiese, ha comparecido ante la justicia, MIguel \u00c1ngel Rodr\u00edguez. Acepto que \u00e9l filtr\u00f3 a El Mundo, lo que hacia el &#8220;extraordinario ciudadano, gran empresario, siempre en la ley, el se\u00f1or Amador. Pero no qued\u00f3 ah\u00ed. Como en los viejos tiempos, con su armadura al [&hellip;]<!-- AddThis Advanced Settings generic via filter on get_the_excerpt --><!-- AddThis Share Buttons generic via filter on get_the_excerpt --><\/p>\n","protected":false},"author":16,"featured_media":0,"comment_status":"open","ping_status":"closed","sticky":false,"template":"","format":"standard","meta":[],"categories":[1],"tags":[],"_links":{"self":[{"href":"https:\/\/blogs.elcomercio.es\/reflexiones-de-belarmino\/wp-json\/wp\/v2\/posts\/40796"}],"collection":[{"href":"https:\/\/blogs.elcomercio.es\/reflexiones-de-belarmino\/wp-json\/wp\/v2\/posts"}],"about":[{"href":"https:\/\/blogs.elcomercio.es\/reflexiones-de-belarmino\/wp-json\/wp\/v2\/types\/post"}],"author":[{"embeddable":true,"href":"https:\/\/blogs.elcomercio.es\/reflexiones-de-belarmino\/wp-json\/wp\/v2\/users\/16"}],"replies":[{"embeddable":true,"href":"https:\/\/blogs.elcomercio.es\/reflexiones-de-belarmino\/wp-json\/wp\/v2\/comments?post=40796"}],"version-history":[{"count":1,"href":"https:\/\/blogs.elcomercio.es\/reflexiones-de-belarmino\/wp-json\/wp\/v2\/posts\/40796\/revisions"}],"predecessor-version":[{"id":40797,"href":"https:\/\/blogs.elcomercio.es\/reflexiones-de-belarmino\/wp-json\/wp\/v2\/posts\/40796\/revisions\/40797"}],"wp:attachment":[{"href":"https:\/\/blogs.elcomercio.es\/reflexiones-de-belarmino\/wp-json\/wp\/v2\/media?parent=40796"}],"wp:term":[{"taxonomy":"category","embeddable":true,"href":"https:\/\/blogs.elcomercio.es\/reflexiones-de-belarmino\/wp-json\/wp\/v2\/categories?post=40796"},{"taxonomy":"post_tag","embeddable":true,"href":"https:\/\/blogs.elcomercio.es\/reflexiones-de-belarmino\/wp-json\/wp\/v2\/tags?post=40796"}],"curies":[{"name":"wp","href":"https:\/\/api.w.org\/{rel}","templated":true}]}}