{"id":40802,"date":"2025-01-10T17:55:56","date_gmt":"2025-01-10T16:55:56","guid":{"rendered":"https:\/\/blogs.elcomercio.es\/reflexiones-de-belarmino\/?p=40802"},"modified":"2025-01-10T17:55:56","modified_gmt":"2025-01-10T16:55:56","slug":"mexico-envia-elementos-del-plan-dn-iii-para-ayudar-a-ee-uu-a-combatir-los-incendios","status":"publish","type":"post","link":"https:\/\/blogs.elcomercio.es\/reflexiones-de-belarmino\/2025\/01\/10\/mexico-envia-elementos-del-plan-dn-iii-para-ayudar-a-ee-uu-a-combatir-los-incendios\/","title":{"rendered":"\u00a1\u00a1\u00a1\u00a1\u00a1MEXICO ENVIA ELEMENTOS DEL PLAN DN III, PARA AYUDAR A EE.UU A COMBATIR LOS INCENDIOS !!!"},"content":{"rendered":"\n<p>No es la primera vez, ni ser\u00e1 la \u00faltima. Cuando California se qued\u00f3 sin electricidad hace unos a\u00f1os, la Comisi\u00f3n Federal de Electricidad, prest\u00f3 suministro el\u00e9ctrico a ese Estado. Hoy brigadas del Gobierno Mexicano est\u00e1n en Los Angeles, ayudando a apagar los incendios que han desbordado a los EE:UU, debido a que les falta agua.<\/p>\n<!-- AddThis Advanced Settings generic via filter on the_content --><!-- AddThis Share Buttons generic via filter on the_content -->","protected":false},"excerpt":{"rendered":"<p>No es la primera vez, ni ser\u00e1 la \u00faltima. Cuando California se qued\u00f3 sin electricidad hace unos a\u00f1os, la Comisi\u00f3n Federal de Electricidad, prest\u00f3 suministro el\u00e9ctrico a ese Estado. Hoy brigadas del Gobierno Mexicano est\u00e1n en Los Angeles, ayudando a apagar los incendios que han desbordado a los EE:UU, debido a que les falta agua.<!-- AddThis Advanced Settings generic via filter on get_the_excerpt --><!-- AddThis Share Buttons generic via filter on get_the_excerpt --><\/p>\n","protected":false},"author":16,"featured_media":0,"comment_status":"open","ping_status":"closed","sticky":false,"template":"","format":"standard","meta":[],"categories":[1],"tags":[],"_links":{"self":[{"href":"https:\/\/blogs.elcomercio.es\/reflexiones-de-belarmino\/wp-json\/wp\/v2\/posts\/40802"}],"collection":[{"href":"https:\/\/blogs.elcomercio.es\/reflexiones-de-belarmino\/wp-json\/wp\/v2\/posts"}],"about":[{"href":"https:\/\/blogs.elcomercio.es\/reflexiones-de-belarmino\/wp-json\/wp\/v2\/types\/post"}],"author":[{"embeddable":true,"href":"https:\/\/blogs.elcomercio.es\/reflexiones-de-belarmino\/wp-json\/wp\/v2\/users\/16"}],"replies":[{"embeddable":true,"href":"https:\/\/blogs.elcomercio.es\/reflexiones-de-belarmino\/wp-json\/wp\/v2\/comments?post=40802"}],"version-history":[{"count":1,"href":"https:\/\/blogs.elcomercio.es\/reflexiones-de-belarmino\/wp-json\/wp\/v2\/posts\/40802\/revisions"}],"predecessor-version":[{"id":40803,"href":"https:\/\/blogs.elcomercio.es\/reflexiones-de-belarmino\/wp-json\/wp\/v2\/posts\/40802\/revisions\/40803"}],"wp:attachment":[{"href":"https:\/\/blogs.elcomercio.es\/reflexiones-de-belarmino\/wp-json\/wp\/v2\/media?parent=40802"}],"wp:term":[{"taxonomy":"category","embeddable":true,"href":"https:\/\/blogs.elcomercio.es\/reflexiones-de-belarmino\/wp-json\/wp\/v2\/categories?post=40802"},{"taxonomy":"post_tag","embeddable":true,"href":"https:\/\/blogs.elcomercio.es\/reflexiones-de-belarmino\/wp-json\/wp\/v2\/tags?post=40802"}],"curies":[{"name":"wp","href":"https:\/\/api.w.org\/{rel}","templated":true}]}}