{"id":41322,"date":"2025-02-09T18:28:04","date_gmt":"2025-02-09T17:28:04","guid":{"rendered":"https:\/\/blogs.elcomercio.es\/reflexiones-de-belarmino\/?p=41322"},"modified":"2025-02-09T18:28:04","modified_gmt":"2025-02-09T17:28:04","slug":"que-muera-la-inteligencia-que-viva-la-muerte-la-fase-de-millan-astray-en-1936-en-la-universidad-de-salamancacontra-unamuno-latente-en-la-espana-de-hoy-l","status":"publish","type":"post","link":"https:\/\/blogs.elcomercio.es\/reflexiones-de-belarmino\/2025\/02\/09\/que-muera-la-inteligencia-que-viva-la-muerte-la-fase-de-millan-astray-en-1936-en-la-universidad-de-salamancacontra-unamuno-latente-en-la-espana-de-hoy-l\/","title":{"rendered":"\u00a1\u00a1\u00a1\u00a1\u00a1\u00a1&#8221; QUE MUERA LA INTELIGENCIA, QUE VIVA LA MUERTE&#8221;, LA FASE DE MILL\u00c1N ASTRAY EN 1936, EN LA UNIVERSIDAD DE SALAMANCA,CONTRA UNAMUNO , LATENTE EN LA ESPA\u00d1A DE HOY. LA NECROFILIA ESTABA EN EL CONGRESO DE &#8220;PATRIOTAS POR EUROPA &#8220;. LA INTELIGENCIA EN GRANADA , TIERRA DE LORCA, AYER CON LOS GOYAS!!!"},"content":{"rendered":"\n<p>Era un &#8220;d\u00eda de la Raza&#8221;, por supuesto  12 de octubre de 1936, cuando el general  Mill\u00e7an Astray, irrumpi\u00f3 en el Paraninfo de la UNiversidad de Salamanca, del cual era rector Unamuno y tras acalorado debate, donde el escritor le dijo: VENCER\u00c9IS PERO NO CONVENCER\u00c9IS, a lo que aquel militar, que muri\u00f3 en la paz del franquismo y PUDO SER ENTERRADO, le grit\u00f3 a UnamunO: \u00a1\u00a1QUE MUERA LA INTELIGENCIA, QUE VIVA LA MUERTE!!, cuyo lema y esencia necrofilica, hoy mantiene la Legi\u00f3n que el fund\u00f3.<\/p>\n\n\n\n<p>Siguen vivas las Dos Espa\u00f1as, no nos enga\u00f1emos,<\/p>\n<!-- AddThis Advanced Settings generic via filter on the_content --><!-- AddThis Share Buttons generic via filter on the_content -->","protected":false},"excerpt":{"rendered":"<p>Era un &#8220;d\u00eda de la Raza&#8221;, por supuesto 12 de octubre de 1936, cuando el general Mill\u00e7an Astray, irrumpi\u00f3 en el Paraninfo de la UNiversidad de Salamanca, del cual era rector Unamuno y tras acalorado debate, donde el escritor le dijo: VENCER\u00c9IS PERO NO CONVENCER\u00c9IS, a lo que aquel militar, que muri\u00f3 en la paz [&hellip;]<!-- AddThis Advanced Settings generic via filter on get_the_excerpt --><!-- AddThis Share Buttons generic via filter on get_the_excerpt --><\/p>\n","protected":false},"author":16,"featured_media":0,"comment_status":"open","ping_status":"closed","sticky":false,"template":"","format":"standard","meta":[],"categories":[1],"tags":[],"_links":{"self":[{"href":"https:\/\/blogs.elcomercio.es\/reflexiones-de-belarmino\/wp-json\/wp\/v2\/posts\/41322"}],"collection":[{"href":"https:\/\/blogs.elcomercio.es\/reflexiones-de-belarmino\/wp-json\/wp\/v2\/posts"}],"about":[{"href":"https:\/\/blogs.elcomercio.es\/reflexiones-de-belarmino\/wp-json\/wp\/v2\/types\/post"}],"author":[{"embeddable":true,"href":"https:\/\/blogs.elcomercio.es\/reflexiones-de-belarmino\/wp-json\/wp\/v2\/users\/16"}],"replies":[{"embeddable":true,"href":"https:\/\/blogs.elcomercio.es\/reflexiones-de-belarmino\/wp-json\/wp\/v2\/comments?post=41322"}],"version-history":[{"count":1,"href":"https:\/\/blogs.elcomercio.es\/reflexiones-de-belarmino\/wp-json\/wp\/v2\/posts\/41322\/revisions"}],"predecessor-version":[{"id":41323,"href":"https:\/\/blogs.elcomercio.es\/reflexiones-de-belarmino\/wp-json\/wp\/v2\/posts\/41322\/revisions\/41323"}],"wp:attachment":[{"href":"https:\/\/blogs.elcomercio.es\/reflexiones-de-belarmino\/wp-json\/wp\/v2\/media?parent=41322"}],"wp:term":[{"taxonomy":"category","embeddable":true,"href":"https:\/\/blogs.elcomercio.es\/reflexiones-de-belarmino\/wp-json\/wp\/v2\/categories?post=41322"},{"taxonomy":"post_tag","embeddable":true,"href":"https:\/\/blogs.elcomercio.es\/reflexiones-de-belarmino\/wp-json\/wp\/v2\/tags?post=41322"}],"curies":[{"name":"wp","href":"https:\/\/api.w.org\/{rel}","templated":true}]}}