{"id":41437,"date":"2025-02-14T19:00:47","date_gmt":"2025-02-14T18:00:47","guid":{"rendered":"https:\/\/blogs.elcomercio.es\/reflexiones-de-belarmino\/?p=41437"},"modified":"2025-02-14T19:00:48","modified_gmt":"2025-02-14T18:00:48","slug":"el-vicepresidente-vance-en-munich-lanza-un-ataque-ideologico-a-europa-que-evidencia-el-desgarro-entre-la-union-europea-y-los-estados-unidos","status":"publish","type":"post","link":"https:\/\/blogs.elcomercio.es\/reflexiones-de-belarmino\/2025\/02\/14\/el-vicepresidente-vance-en-munich-lanza-un-ataque-ideologico-a-europa-que-evidencia-el-desgarro-entre-la-union-europea-y-los-estados-unidos\/","title":{"rendered":"\u00a1\u00a1\u00a1\u00a1\u00a1EL VICEPRESIDENTE VANCE, EN MUNICH LANZA UN ATAQUE IDEOL\u00d3GICO A EUROPA QUE EVIDENCIA EL DESGARRO ENTRE LA UNI\u00d3N EUROPEA Y LOS ESTADOS UNIDOS !!!"},"content":{"rendered":"\n<p>Hab\u00eda llegado al fr\u00edo de Munich con su esposa y sus tres  hijos a la Conferencia Mundial de Seguridad,  J:D: Vance, vicepresidente de los Estados Unidos no hablo de ese tema sino que se  le fue a la yugular a la Uni\u00f3n Europea:<\/p>\n\n\n\n<p> &#8220;LA AMENAZA DE LA UNI\u00d3N EUROPEA VIENE DESDE DENTRO DE SUS INSTITUCIONES Y PARTIDOS POL\u00cdTICOS Y DEL DESEO DE CREAR UN &#8220;CORD\u00d3N SANITARIO&#8221;A LOS QUE NO PIENSAN  COMO ESAS \u00c9LITES&#8221;<\/p>\n\n\n\n<p>\u00a1\u00a1NECESITAN UN CAMBIO DE REGIMEN !!!.<\/p>\n\n\n\n<p>Nada mas y nada menos. Trump lo mando a 9 d\u00edas de las elecciones a dejar ese mensaje a Europa y a los electores alemanes.<\/p>\n<!-- AddThis Advanced Settings generic via filter on the_content --><!-- AddThis Share Buttons generic via filter on the_content -->","protected":false},"excerpt":{"rendered":"<p>Hab\u00eda llegado al fr\u00edo de Munich con su esposa y sus tres hijos a la Conferencia Mundial de Seguridad, J:D: Vance, vicepresidente de los Estados Unidos no hablo de ese tema sino que se le fue a la yugular a la Uni\u00f3n Europea: &#8220;LA AMENAZA DE LA UNI\u00d3N EUROPEA VIENE DESDE DENTRO DE SUS INSTITUCIONES [&hellip;]<!-- AddThis Advanced Settings generic via filter on get_the_excerpt --><!-- AddThis Share Buttons generic via filter on get_the_excerpt --><\/p>\n","protected":false},"author":16,"featured_media":0,"comment_status":"open","ping_status":"closed","sticky":false,"template":"","format":"standard","meta":[],"categories":[1],"tags":[],"_links":{"self":[{"href":"https:\/\/blogs.elcomercio.es\/reflexiones-de-belarmino\/wp-json\/wp\/v2\/posts\/41437"}],"collection":[{"href":"https:\/\/blogs.elcomercio.es\/reflexiones-de-belarmino\/wp-json\/wp\/v2\/posts"}],"about":[{"href":"https:\/\/blogs.elcomercio.es\/reflexiones-de-belarmino\/wp-json\/wp\/v2\/types\/post"}],"author":[{"embeddable":true,"href":"https:\/\/blogs.elcomercio.es\/reflexiones-de-belarmino\/wp-json\/wp\/v2\/users\/16"}],"replies":[{"embeddable":true,"href":"https:\/\/blogs.elcomercio.es\/reflexiones-de-belarmino\/wp-json\/wp\/v2\/comments?post=41437"}],"version-history":[{"count":1,"href":"https:\/\/blogs.elcomercio.es\/reflexiones-de-belarmino\/wp-json\/wp\/v2\/posts\/41437\/revisions"}],"predecessor-version":[{"id":41438,"href":"https:\/\/blogs.elcomercio.es\/reflexiones-de-belarmino\/wp-json\/wp\/v2\/posts\/41437\/revisions\/41438"}],"wp:attachment":[{"href":"https:\/\/blogs.elcomercio.es\/reflexiones-de-belarmino\/wp-json\/wp\/v2\/media?parent=41437"}],"wp:term":[{"taxonomy":"category","embeddable":true,"href":"https:\/\/blogs.elcomercio.es\/reflexiones-de-belarmino\/wp-json\/wp\/v2\/categories?post=41437"},{"taxonomy":"post_tag","embeddable":true,"href":"https:\/\/blogs.elcomercio.es\/reflexiones-de-belarmino\/wp-json\/wp\/v2\/tags?post=41437"}],"curies":[{"name":"wp","href":"https:\/\/api.w.org\/{rel}","templated":true}]}}