{"id":41493,"date":"2025-02-16T18:35:45","date_gmt":"2025-02-16T17:35:45","guid":{"rendered":"https:\/\/blogs.elcomercio.es\/reflexiones-de-belarmino\/?p=41493"},"modified":"2025-02-16T18:35:46","modified_gmt":"2025-02-16T17:35:46","slug":"la-historia-de-como-102-cardenales-no-pudieron-entregar-a-juan-pablo-ii-una-carta-explicando-que-la-muerte-del-cardenal-posadas-no-habia-sido-un-enfrentamie","status":"publish","type":"post","link":"https:\/\/blogs.elcomercio.es\/reflexiones-de-belarmino\/2025\/02\/16\/la-historia-de-como-102-cardenales-no-pudieron-entregar-a-juan-pablo-ii-una-carta-explicando-que-la-muerte-del-cardenal-posadas-no-habia-sido-un-enfrentamie\/","title":{"rendered":"\u00a1\u00a1\u00a1\u00a1\u00a1\u00a1\u00a1LA HISTORIA DE COMO 102 CARDENALES, NO PUDIERON ENTREGAR A JUAN PABLO II, UNA CARTA EXPLICANDO QUE LA MUERTE DEL CARDENAL POSADAS NO HAB\u00cdA SIDO UN ENFRENTAMIENTO ENTRE NARCOS, EN GUADALAJARA !!!"},"content":{"rendered":"\n<p>Cosas de la vida. Este autor vivi\u00f3 muchas cosas en M\u00e9xico, pero hoy quiero relatar algo que no se conoce, y que es interesante.<\/p>\n\n\n\n<p>Era 1993.Presidente Salinas de Gortari. Papa, Juan Pablo II, Prigione su delegado apost\u00f3lico. Hab\u00eda muerto Corripio Ahumada Arzobispo de M\u00e9xico y quedaba libre,la segunda ciudad con m\u00e1s cat\u00f3licos en el mundo, tras Brasil.<\/p>\n\n\n\n<p>Juan Pablo II, entabl\u00f3 amistad profunda con el presidente Carlos Salinas de Gortari, y ambos actuaron. A petici\u00f3n de Juan Pablo II, era necesario que un hombre de \u00e9l EMILIO CARLOS BERLIE BELAUNZARAN, arzobispo de Tijuana, el hombre del Cartel de los Hermanos Arellano Felix, con 1.85m, 6 idiomas y que se mv\u00eda como pez en el agua en aquel Vaticano corrupto. Salinas tom\u00f3 nota y prepar\u00f3 la operaci\u00f3n, experto, matar\u00eda m\u00e1s tarde a un sucesor que, nombrado, no le gust\u00f3: Luis Donaldo Colosio.<\/p>\n\n\n\n<p>El autor, era Diputado Federal y m\u00e1s tarde responsable elegido por Cuauhtemoc C\u00e1rdenas para gobernar la delegaci\u00f3n de Iztacalco(1,000,000 habitantes), donde terminar\u00eda su novena misa Juan Pablo II, pero esta vez organizada por el nieto de Belarmino Tom\u00e1s conjuntamente con la Iglesia Cat\u00f3lica.<\/p>\n\n\n\n<p>Un d\u00eda, Prigione cit\u00f3 en el aeropuerto de Guadalajara a las 5 de la tarde. El Cardenal lleg\u00f3 en un vuelo de Aerom\u00e9xico con destino a Tijuana y que hac\u00eda escala en Guadalajara. Al salir el Cardenal al exterior y encaminarse a su automovil, recibi\u00f3 tres balazos que acabron con su vida. Los Arellano Felix, ante la confusi\u00f3n tomaron el avi\u00f3n de AeroM\u00e9xico y a las dos horas estaban en Tijuana.<\/p>\n\n\n\n<p>El pa\u00eds conmovido. El gobierno di\u00f3 su versi\u00f3n oficial: &#8221; Los  narcos hab\u00edan confundido al cardenal con el &#8221; Chapo Guzman&#8221; y en una ajuste de cuentas l mataron&#8221;<\/p>\n\n\n\n<p>La Iglesia Mexicana ten\u00eda 104 obispos, y s\u00f3lo dos respond\u00edan m\u00e1s a Prigione que la mayor\u00eda. Emilio Carlos y l Norberto Rivera, arzobispo de Tehuacan pueblo, un hombre moreno, sin personalidad.<\/p>\n\n\n\n<p>Dictamen oficial de la Procuradoria: &#8221; enfrentamiento entre narcos&#8221;. Los 102 indignados, sab\u00edan que aquello no era cierto.<\/p>\n\n\n\n<p>Aquella noche, los Arellano, involucrados en la muerte de un cardenal y ante la respuesta divina. viajaron a M\u00e9xico a ver al Procurador. Un error del hombre de Berlie el sacerdote Monta\u00f1o, lo rasp\u00f3 y perdi\u00f3 la posibilidad y lo mandaron a Yucat\u00e1n donde viv\u00eda con mi esposa y mis hijas. All\u00ed lo v\u00ed como Arzobispo de la ciudad de M\u00e9rida.<\/p>\n\n\n\n<p>En el aeropuerto de M\u00e9rida, el autor era diputado federal por el Estado de YUcat\u00e1n, fue invitado a los actos de Juan Pablo II, y estaba en el aeropuerto, en primera fila con Lizbeth su esposa. Faltaban 20 minutos. El espacio a\u00e9reo cerrado, cuando de pronto aterriza, fuera de programa, un avi\u00f3n de Aerom\u00e9xico.Y para sorpresa bajan los 104 obispos de la Izquierda Mexicana y los colocan en las gradas detr\u00e1s de mi esposa y el autor.<\/p>\n\n\n\n<p>No sab\u00edamos nadie, la carta al Papa, que llevaban los cardenales, donde rechazaban la tesis oficial y ped\u00edan su intervenci\u00f3n para aclararlo.<\/p>\n\n\n\n<p>Lleg\u00f3 el Papa, se fue a su autob\u00fas rumbo a Izamal a 150 kms de M\u00e9rida, donde iba a oficiar una importante misa. Detr\u00e1s de el subieron en tres camiones a todos los cardenales, pero al llegar a Izamal, tuvieron que prepararse para la ceremonia, luego el Papa ofici\u00f3, ellos por delante regresaron al Arzobispado en M\u00ebrida donde se celebrar\u00eda un comida.<\/p>\n\n\n\n<p>De pronto, se dieron cuenta los 102  de la jugada. Nadie iba a estar  en la mesa del Papa . Molestos comieron, y esperaron la siesta de Juan Pablo II, para ir a Xocl\u00e1n, a 20 minutos de M\u00e9rida. Antes que el Papa, se levantar\u00e1, los volvieron a subir a los 3 autom\u00f3viles y a Xoclan. De nuevo vestirse y esperar al Papa. Al terminar, mientras, en olor a multitud el iba a la ciudad capital de YUcat\u00e1n.<\/p>\n\n\n\n<p>Los 102, de nuevo a los autobuses y al aeropuerto y a dormrir en M\u00e9xico.<\/p>\n\n\n\n<p>Toda esta historia, fu\u00e9 publicada por la Iglesia Mexicana, en la Revisa Proceso.<\/p>\n\n\n\n<p>De ese tama\u00f1o.<\/p>\n\n\n\n<p>15 d\u00edas despu\u00e9s, el autor estaba en un desayuno de los diputados en el Sal\u00f3n de Usos M\u00faltiples de la residencia oficial de Los Pinos, cuando, Salinas inteligente y siniestro(hay que conocer su vida y la de su familia) hablaba a todos. Sabedor de que la noticia era si el bueno o no iba a ser Luis Donaldo Colosio, solt\u00f3: &#8221; No se equiquen, va a ser Colosio&#8221;, lo que hizo que se oyera un murmullo, y en medio de \u00e9l, el autor intersado no en lo de Colosio, escucho: &#8221; Por cierto, el Papa Juan Pablo II, estuvo de acuerdo en que la muerte del Cardenal fue el enfrentamiento&#8230;..&#8221; que casi nadie escuch\u00f3.<\/p>\n\n\n\n<p>\u00bf Como mataron a Colosio?, ma\u00f1ana.<\/p>\n<!-- AddThis Advanced Settings generic via filter on the_content --><!-- AddThis Share Buttons generic via filter on the_content -->","protected":false},"excerpt":{"rendered":"<p>Cosas de la vida. Este autor vivi\u00f3 muchas cosas en M\u00e9xico, pero hoy quiero relatar algo que no se conoce, y que es interesante. Era 1993.Presidente Salinas de Gortari. Papa, Juan Pablo II, Prigione su delegado apost\u00f3lico. Hab\u00eda muerto Corripio Ahumada Arzobispo de M\u00e9xico y quedaba libre,la segunda ciudad con m\u00e1s cat\u00f3licos en el mundo, [&hellip;]<!-- AddThis Advanced Settings generic via filter on get_the_excerpt --><!-- AddThis Share Buttons generic via filter on get_the_excerpt --><\/p>\n","protected":false},"author":16,"featured_media":0,"comment_status":"open","ping_status":"closed","sticky":false,"template":"","format":"standard","meta":[],"categories":[1],"tags":[],"_links":{"self":[{"href":"https:\/\/blogs.elcomercio.es\/reflexiones-de-belarmino\/wp-json\/wp\/v2\/posts\/41493"}],"collection":[{"href":"https:\/\/blogs.elcomercio.es\/reflexiones-de-belarmino\/wp-json\/wp\/v2\/posts"}],"about":[{"href":"https:\/\/blogs.elcomercio.es\/reflexiones-de-belarmino\/wp-json\/wp\/v2\/types\/post"}],"author":[{"embeddable":true,"href":"https:\/\/blogs.elcomercio.es\/reflexiones-de-belarmino\/wp-json\/wp\/v2\/users\/16"}],"replies":[{"embeddable":true,"href":"https:\/\/blogs.elcomercio.es\/reflexiones-de-belarmino\/wp-json\/wp\/v2\/comments?post=41493"}],"version-history":[{"count":1,"href":"https:\/\/blogs.elcomercio.es\/reflexiones-de-belarmino\/wp-json\/wp\/v2\/posts\/41493\/revisions"}],"predecessor-version":[{"id":41494,"href":"https:\/\/blogs.elcomercio.es\/reflexiones-de-belarmino\/wp-json\/wp\/v2\/posts\/41493\/revisions\/41494"}],"wp:attachment":[{"href":"https:\/\/blogs.elcomercio.es\/reflexiones-de-belarmino\/wp-json\/wp\/v2\/media?parent=41493"}],"wp:term":[{"taxonomy":"category","embeddable":true,"href":"https:\/\/blogs.elcomercio.es\/reflexiones-de-belarmino\/wp-json\/wp\/v2\/categories?post=41493"},{"taxonomy":"post_tag","embeddable":true,"href":"https:\/\/blogs.elcomercio.es\/reflexiones-de-belarmino\/wp-json\/wp\/v2\/tags?post=41493"}],"curies":[{"name":"wp","href":"https:\/\/api.w.org\/{rel}","templated":true}]}}