{"id":41603,"date":"2025-02-20T14:17:16","date_gmt":"2025-02-20T13:17:16","guid":{"rendered":"https:\/\/blogs.elcomercio.es\/reflexiones-de-belarmino\/?p=41603"},"modified":"2025-02-20T14:17:17","modified_gmt":"2025-02-20T13:17:17","slug":"siguen-cayendo-lideres-de-narcos-mexicanos-ayer-el-lugarteniente-el-operador-de-los-chapitos-detenido","status":"publish","type":"post","link":"https:\/\/blogs.elcomercio.es\/reflexiones-de-belarmino\/2025\/02\/20\/siguen-cayendo-lideres-de-narcos-mexicanos-ayer-el-lugarteniente-el-operador-de-los-chapitos-detenido\/","title":{"rendered":"\u00a1\u00a1\u00a1\u00a1\u00a1SIGUEN CAYENDO L\u00cdDERES DE NARCOS MEXICANOS,. AYER EL &#8220;LUGARTENIENTE&#8221; EL OPERADOR DE LOS &#8220;CHAPITOS&#8221;,  DETENIDO!!!"},"content":{"rendered":"\n<p>Mientras se informa que  OSEGUERA el m\u00e1ximo lider del Jalisco Nuevas Generaciones, est\u00e1 en alg\u00fan lugar de M\u00e9xico enfermo, cualquier lider sabe,tras las declaraciones de ayer de Musk, que los tiene controlados a todos con sus sistemas de los 10,000 sat\u00e9lites, de que cualquiera puede correr el riesgo de Bin Laden. Muy nerviosos los ex presidentes Salinas, Zedillo, Fox, Calder\u00f3n y Pe\u00f1a Nieto, no se atreven a salir de Espa\u00f1a y de los Estados Unidos.<\/p>\n<!-- AddThis Advanced Settings generic via filter on the_content --><!-- AddThis Share Buttons generic via filter on the_content -->","protected":false},"excerpt":{"rendered":"<p>Mientras se informa que OSEGUERA el m\u00e1ximo lider del Jalisco Nuevas Generaciones, est\u00e1 en alg\u00fan lugar de M\u00e9xico enfermo, cualquier lider sabe,tras las declaraciones de ayer de Musk, que los tiene controlados a todos con sus sistemas de los 10,000 sat\u00e9lites, de que cualquiera puede correr el riesgo de Bin Laden. Muy nerviosos los ex [&hellip;]<!-- AddThis Advanced Settings generic via filter on get_the_excerpt --><!-- AddThis Share Buttons generic via filter on get_the_excerpt --><\/p>\n","protected":false},"author":16,"featured_media":0,"comment_status":"open","ping_status":"closed","sticky":false,"template":"","format":"standard","meta":[],"categories":[1],"tags":[],"_links":{"self":[{"href":"https:\/\/blogs.elcomercio.es\/reflexiones-de-belarmino\/wp-json\/wp\/v2\/posts\/41603"}],"collection":[{"href":"https:\/\/blogs.elcomercio.es\/reflexiones-de-belarmino\/wp-json\/wp\/v2\/posts"}],"about":[{"href":"https:\/\/blogs.elcomercio.es\/reflexiones-de-belarmino\/wp-json\/wp\/v2\/types\/post"}],"author":[{"embeddable":true,"href":"https:\/\/blogs.elcomercio.es\/reflexiones-de-belarmino\/wp-json\/wp\/v2\/users\/16"}],"replies":[{"embeddable":true,"href":"https:\/\/blogs.elcomercio.es\/reflexiones-de-belarmino\/wp-json\/wp\/v2\/comments?post=41603"}],"version-history":[{"count":1,"href":"https:\/\/blogs.elcomercio.es\/reflexiones-de-belarmino\/wp-json\/wp\/v2\/posts\/41603\/revisions"}],"predecessor-version":[{"id":41604,"href":"https:\/\/blogs.elcomercio.es\/reflexiones-de-belarmino\/wp-json\/wp\/v2\/posts\/41603\/revisions\/41604"}],"wp:attachment":[{"href":"https:\/\/blogs.elcomercio.es\/reflexiones-de-belarmino\/wp-json\/wp\/v2\/media?parent=41603"}],"wp:term":[{"taxonomy":"category","embeddable":true,"href":"https:\/\/blogs.elcomercio.es\/reflexiones-de-belarmino\/wp-json\/wp\/v2\/categories?post=41603"},{"taxonomy":"post_tag","embeddable":true,"href":"https:\/\/blogs.elcomercio.es\/reflexiones-de-belarmino\/wp-json\/wp\/v2\/tags?post=41603"}],"curies":[{"name":"wp","href":"https:\/\/api.w.org\/{rel}","templated":true}]}}