{"id":41605,"date":"2025-02-20T14:21:28","date_gmt":"2025-02-20T13:21:28","guid":{"rendered":"https:\/\/blogs.elcomercio.es\/reflexiones-de-belarmino\/?p=41605"},"modified":"2025-02-20T14:21:29","modified_gmt":"2025-02-20T13:21:29","slug":"el-papa-mejora-ayer-ya-se-levanto-de-la-cama-tiene-una-mente-poderosa-su-principal-defensa","status":"publish","type":"post","link":"https:\/\/blogs.elcomercio.es\/reflexiones-de-belarmino\/2025\/02\/20\/el-papa-mejora-ayer-ya-se-levanto-de-la-cama-tiene-una-mente-poderosa-su-principal-defensa\/","title":{"rendered":"\u00a1\u00a1\u00a1\u00a1\u00a1\u00a1EL PAPA, MEJORA. AYER YA SE LEVANT\u00d3 DE LA CAMA. TIENE UNA MENTE PODEROSA, SU PRINCIPAL DEFENSA !!!!"},"content":{"rendered":"\n<p>Ojal\u00e1 salga de esta complicada situaci\u00f3n. Le faltan 7 meses para firmar todos los cambio en el A\u00f1o del Jubileo, 1,700 aniversario del Concilio de NIcea.A pesar de las oraciones entre los Evangelistas para que no se recupere, hasta ahora este jesuita, HA SIDO MUCHO PAPA.<\/p>\n<!-- AddThis Advanced Settings generic via filter on the_content --><!-- AddThis Share Buttons generic via filter on the_content -->","protected":false},"excerpt":{"rendered":"<p>Ojal\u00e1 salga de esta complicada situaci\u00f3n. Le faltan 7 meses para firmar todos los cambio en el A\u00f1o del Jubileo, 1,700 aniversario del Concilio de NIcea.A pesar de las oraciones entre los Evangelistas para que no se recupere, hasta ahora este jesuita, HA SIDO MUCHO PAPA.<!-- AddThis Advanced Settings generic via filter on get_the_excerpt --><!-- AddThis Share Buttons generic via filter on get_the_excerpt --><\/p>\n","protected":false},"author":16,"featured_media":0,"comment_status":"open","ping_status":"closed","sticky":false,"template":"","format":"standard","meta":[],"categories":[1],"tags":[],"_links":{"self":[{"href":"https:\/\/blogs.elcomercio.es\/reflexiones-de-belarmino\/wp-json\/wp\/v2\/posts\/41605"}],"collection":[{"href":"https:\/\/blogs.elcomercio.es\/reflexiones-de-belarmino\/wp-json\/wp\/v2\/posts"}],"about":[{"href":"https:\/\/blogs.elcomercio.es\/reflexiones-de-belarmino\/wp-json\/wp\/v2\/types\/post"}],"author":[{"embeddable":true,"href":"https:\/\/blogs.elcomercio.es\/reflexiones-de-belarmino\/wp-json\/wp\/v2\/users\/16"}],"replies":[{"embeddable":true,"href":"https:\/\/blogs.elcomercio.es\/reflexiones-de-belarmino\/wp-json\/wp\/v2\/comments?post=41605"}],"version-history":[{"count":1,"href":"https:\/\/blogs.elcomercio.es\/reflexiones-de-belarmino\/wp-json\/wp\/v2\/posts\/41605\/revisions"}],"predecessor-version":[{"id":41606,"href":"https:\/\/blogs.elcomercio.es\/reflexiones-de-belarmino\/wp-json\/wp\/v2\/posts\/41605\/revisions\/41606"}],"wp:attachment":[{"href":"https:\/\/blogs.elcomercio.es\/reflexiones-de-belarmino\/wp-json\/wp\/v2\/media?parent=41605"}],"wp:term":[{"taxonomy":"category","embeddable":true,"href":"https:\/\/blogs.elcomercio.es\/reflexiones-de-belarmino\/wp-json\/wp\/v2\/categories?post=41605"},{"taxonomy":"post_tag","embeddable":true,"href":"https:\/\/blogs.elcomercio.es\/reflexiones-de-belarmino\/wp-json\/wp\/v2\/tags?post=41605"}],"curies":[{"name":"wp","href":"https:\/\/api.w.org\/{rel}","templated":true}]}}