{"id":41607,"date":"2025-02-20T14:25:41","date_gmt":"2025-02-20T13:25:41","guid":{"rendered":"https:\/\/blogs.elcomercio.es\/reflexiones-de-belarmino\/?p=41607"},"modified":"2025-02-20T14:25:41","modified_gmt":"2025-02-20T13:25:41","slug":"mexico-cada-ano-va-mejor-ana-patricia-botin","status":"publish","type":"post","link":"https:\/\/blogs.elcomercio.es\/reflexiones-de-belarmino\/2025\/02\/20\/mexico-cada-ano-va-mejor-ana-patricia-botin\/","title":{"rendered":"\u00a1\u00a1\u00a1\u00a1\u00a1&#8221;MEXICO CADA A\u00d1O VA MEJOR &#8220;:ANA PATRICIA BOTIN !!!"},"content":{"rendered":"\n<p>Una mujer que apost\u00f3, desde un principio, por la Cuarta Transformaci\u00f3n, que estuvo en La Ma\u00f1anera con Andr\u00e9s Manuel L\u00f3pez Obrador, que ha obtenido r\u00e9cord se ganancias con el modelo mexicano DONDE TODOS GANAN, y que acaba de reunirse con la presidenta doctora Caludia SDheinbaum declar\u00f3 ayer al diario La Jornada: &#8221; MEXICO, CADA A\u00d1O VA MEJOR !!<\/p>\n<!-- AddThis Advanced Settings generic via filter on the_content --><!-- AddThis Share Buttons generic via filter on the_content -->","protected":false},"excerpt":{"rendered":"<p>Una mujer que apost\u00f3, desde un principio, por la Cuarta Transformaci\u00f3n, que estuvo en La Ma\u00f1anera con Andr\u00e9s Manuel L\u00f3pez Obrador, que ha obtenido r\u00e9cord se ganancias con el modelo mexicano DONDE TODOS GANAN, y que acaba de reunirse con la presidenta doctora Caludia SDheinbaum declar\u00f3 ayer al diario La Jornada: &#8221; MEXICO, CADA A\u00d1O [&hellip;]<!-- AddThis Advanced Settings generic via filter on get_the_excerpt --><!-- AddThis Share Buttons generic via filter on get_the_excerpt --><\/p>\n","protected":false},"author":16,"featured_media":0,"comment_status":"open","ping_status":"closed","sticky":false,"template":"","format":"standard","meta":[],"categories":[1],"tags":[],"_links":{"self":[{"href":"https:\/\/blogs.elcomercio.es\/reflexiones-de-belarmino\/wp-json\/wp\/v2\/posts\/41607"}],"collection":[{"href":"https:\/\/blogs.elcomercio.es\/reflexiones-de-belarmino\/wp-json\/wp\/v2\/posts"}],"about":[{"href":"https:\/\/blogs.elcomercio.es\/reflexiones-de-belarmino\/wp-json\/wp\/v2\/types\/post"}],"author":[{"embeddable":true,"href":"https:\/\/blogs.elcomercio.es\/reflexiones-de-belarmino\/wp-json\/wp\/v2\/users\/16"}],"replies":[{"embeddable":true,"href":"https:\/\/blogs.elcomercio.es\/reflexiones-de-belarmino\/wp-json\/wp\/v2\/comments?post=41607"}],"version-history":[{"count":1,"href":"https:\/\/blogs.elcomercio.es\/reflexiones-de-belarmino\/wp-json\/wp\/v2\/posts\/41607\/revisions"}],"predecessor-version":[{"id":41608,"href":"https:\/\/blogs.elcomercio.es\/reflexiones-de-belarmino\/wp-json\/wp\/v2\/posts\/41607\/revisions\/41608"}],"wp:attachment":[{"href":"https:\/\/blogs.elcomercio.es\/reflexiones-de-belarmino\/wp-json\/wp\/v2\/media?parent=41607"}],"wp:term":[{"taxonomy":"category","embeddable":true,"href":"https:\/\/blogs.elcomercio.es\/reflexiones-de-belarmino\/wp-json\/wp\/v2\/categories?post=41607"},{"taxonomy":"post_tag","embeddable":true,"href":"https:\/\/blogs.elcomercio.es\/reflexiones-de-belarmino\/wp-json\/wp\/v2\/tags?post=41607"}],"curies":[{"name":"wp","href":"https:\/\/api.w.org\/{rel}","templated":true}]}}