{"id":41609,"date":"2025-02-20T19:20:18","date_gmt":"2025-02-20T18:20:18","guid":{"rendered":"https:\/\/blogs.elcomercio.es\/reflexiones-de-belarmino\/?p=41609"},"modified":"2025-02-20T19:20:19","modified_gmt":"2025-02-20T18:20:19","slug":"seca-firme-la-presidenta-cambia-articulos-19-y-39-de-la-constitucion-no-aceptamos-injerencionismo-ni-romper-nuestra-soberania-ante-decision-terroristas-ni","status":"publish","type":"post","link":"https:\/\/blogs.elcomercio.es\/reflexiones-de-belarmino\/2025\/02\/20\/seca-firme-la-presidenta-cambia-articulos-19-y-39-de-la-constitucion-no-aceptamos-injerencionismo-ni-romper-nuestra-soberania-ante-decision-terroristas-ni\/","title":{"rendered":"\u00a1\u00a1\u00a1\u00a1\u00a1\u00a1SECA, FIRME, LA PRESIDENTA CAMBIA ART\u00cdCULOS 19 Y 39 DE LA CONSTITUCI\u00d3N.NO ACEPTAMOS INJERENCIONISMO, NI ROMPER NUESTRA SOBERAN\u00cdA, ANTE DECISI\u00d3N &#8220;TERRORISTAS&#8221;.&#8221;NI POR AGUA, MAR NI TIERRA&#8221;.LLEVA A LA JUSTICIA DE EE.UU A LAS ARMER\u00cdAS POR  LA ENTRADA ILEGAL DEL 74 % DE SUS ARMAS A MEXICO !!!"},"content":{"rendered":"\n<p>Acababa de recibir al CEO de Neflix, que informaba inversi\u00f3n de 5,000 millones de d\u00f3lares, y antes de las preguntas hizo un alto.<\/p>\n\n\n\n<p> &#8221; ESTOY MANDANDO AL CONGRESO DOS REFORMAS A LA CONSTITUCI\u00d3N, La primera al 39. NO ACEPTAMOS INJERENCIAS NI VIOLACI\u00d3N A NUESTRA SOBERAN\u00cdA por tierra, mar y aire, como acaba de anunciar EE:UU, al considerar a 5 carteles mexicanos como TERRORISTAS. <\/p>\n\n\n\n<p> Colaboraci\u00f3n toda, trabajo conjunto todo, PERO UN UN CENT\u00cdMETRO DE VIOLACI\u00d3N A NUESTRA SOBERAN\u00cdA.<\/p>\n\n\n\n<p>Adem\u00e1s manda reforma al articulo 19, para que el estado mexicano act\u00fae en contra de quienes introducen 200,000 armas al a\u00f1o de forma ilegal, y ha dado instrucciones al Secretario de RElaciones Exteriores hoy en Washington para AMPLIAR LA DEMANDA CONTRA LAS ARMER\u00cdAS DE EE.UU. que meten ilegalmente el 74 % de su producci\u00f3n, con armas sel ejercito, para fortalecer a los grupos de delincuentes. <\/p>\n\n\n\n<p>LLAMENLO  ELLOS COMO QUIERAN. AQU\u00cd NO PERMITIREMOS INJERENCIAS NI VULNERAR NUESTRA SOBERAN\u00cdA<\/p>\n\n\n\n<p>\u00a1\u00a1\u00a1Que se oiga lejos y se oiga claro !!!<\/p>\n<!-- AddThis Advanced Settings generic via filter on the_content --><!-- AddThis Share Buttons generic via filter on the_content -->","protected":false},"excerpt":{"rendered":"<p>Acababa de recibir al CEO de Neflix, que informaba inversi\u00f3n de 5,000 millones de d\u00f3lares, y antes de las preguntas hizo un alto. &#8221; ESTOY MANDANDO AL CONGRESO DOS REFORMAS A LA CONSTITUCI\u00d3N, La primera al 39. NO ACEPTAMOS INJERENCIAS NI VIOLACI\u00d3N A NUESTRA SOBERAN\u00cdA por tierra, mar y aire, como acaba de anunciar EE:UU, [&hellip;]<!-- AddThis Advanced Settings generic via filter on get_the_excerpt --><!-- AddThis Share Buttons generic via filter on get_the_excerpt --><\/p>\n","protected":false},"author":16,"featured_media":0,"comment_status":"open","ping_status":"closed","sticky":false,"template":"","format":"standard","meta":[],"categories":[1],"tags":[],"_links":{"self":[{"href":"https:\/\/blogs.elcomercio.es\/reflexiones-de-belarmino\/wp-json\/wp\/v2\/posts\/41609"}],"collection":[{"href":"https:\/\/blogs.elcomercio.es\/reflexiones-de-belarmino\/wp-json\/wp\/v2\/posts"}],"about":[{"href":"https:\/\/blogs.elcomercio.es\/reflexiones-de-belarmino\/wp-json\/wp\/v2\/types\/post"}],"author":[{"embeddable":true,"href":"https:\/\/blogs.elcomercio.es\/reflexiones-de-belarmino\/wp-json\/wp\/v2\/users\/16"}],"replies":[{"embeddable":true,"href":"https:\/\/blogs.elcomercio.es\/reflexiones-de-belarmino\/wp-json\/wp\/v2\/comments?post=41609"}],"version-history":[{"count":1,"href":"https:\/\/blogs.elcomercio.es\/reflexiones-de-belarmino\/wp-json\/wp\/v2\/posts\/41609\/revisions"}],"predecessor-version":[{"id":41610,"href":"https:\/\/blogs.elcomercio.es\/reflexiones-de-belarmino\/wp-json\/wp\/v2\/posts\/41609\/revisions\/41610"}],"wp:attachment":[{"href":"https:\/\/blogs.elcomercio.es\/reflexiones-de-belarmino\/wp-json\/wp\/v2\/media?parent=41609"}],"wp:term":[{"taxonomy":"category","embeddable":true,"href":"https:\/\/blogs.elcomercio.es\/reflexiones-de-belarmino\/wp-json\/wp\/v2\/categories?post=41609"},{"taxonomy":"post_tag","embeddable":true,"href":"https:\/\/blogs.elcomercio.es\/reflexiones-de-belarmino\/wp-json\/wp\/v2\/tags?post=41609"}],"curies":[{"name":"wp","href":"https:\/\/api.w.org\/{rel}","templated":true}]}}