{"id":41615,"date":"2025-02-21T11:03:36","date_gmt":"2025-02-21T10:03:36","guid":{"rendered":"https:\/\/blogs.elcomercio.es\/reflexiones-de-belarmino\/?p=41615"},"modified":"2025-02-21T11:03:36","modified_gmt":"2025-02-21T10:03:36","slug":"trump-lleva-las-relaciones-con-europa-a-su-peor-momento","status":"publish","type":"post","link":"https:\/\/blogs.elcomercio.es\/reflexiones-de-belarmino\/2025\/02\/21\/trump-lleva-las-relaciones-con-europa-a-su-peor-momento\/","title":{"rendered":"\u00a1\u00a1\u00a1\u00a1\u00a1TRUMP LLEVA LAS RELACIONES CON EUROPA A SU PEOR MOMENTO !!!"},"content":{"rendered":"\n<p>Donald TRump, sabe que a pesar de que el PIB de los 27 paises de la UNi\u00f3n Europea, supera al de China, sabe las dificultades de gobernar con eficiencia 27 opiniones diferentes, sabe dee la crisis de Alemania, del avance de la extrema derecha en medio continente, por ello, ha lanzado todo su ataque contra Europa(ya no s\u00f3lo a la Uni\u00f3n Europea, sino tambi\u00e9n a su aliado hist\u00f3rico Reino Unido). Objetivo: acabar con la UNi\u00f3n Europea y crear la Europa de las Naciones.<\/p>\n\n\n\n<p>Con ella, y Rusia  y tratando de acabar con los BRICS, tiene el marco para enfrentar a su gran enemigo China. En el fondo est\u00e1 el  d\u00e9ficit de EE:UU, (PIB 24 Bd y deuda 27 BD), y que China tiene en su banco central el 25 % de los d\u00f3lares del mundo,<\/p>\n<!-- AddThis Advanced Settings generic via filter on the_content --><!-- AddThis Share Buttons generic via filter on the_content -->","protected":false},"excerpt":{"rendered":"<p>Donald TRump, sabe que a pesar de que el PIB de los 27 paises de la UNi\u00f3n Europea, supera al de China, sabe las dificultades de gobernar con eficiencia 27 opiniones diferentes, sabe dee la crisis de Alemania, del avance de la extrema derecha en medio continente, por ello, ha lanzado todo su ataque contra [&hellip;]<!-- AddThis Advanced Settings generic via filter on get_the_excerpt --><!-- AddThis Share Buttons generic via filter on get_the_excerpt --><\/p>\n","protected":false},"author":16,"featured_media":0,"comment_status":"open","ping_status":"closed","sticky":false,"template":"","format":"standard","meta":[],"categories":[1],"tags":[],"_links":{"self":[{"href":"https:\/\/blogs.elcomercio.es\/reflexiones-de-belarmino\/wp-json\/wp\/v2\/posts\/41615"}],"collection":[{"href":"https:\/\/blogs.elcomercio.es\/reflexiones-de-belarmino\/wp-json\/wp\/v2\/posts"}],"about":[{"href":"https:\/\/blogs.elcomercio.es\/reflexiones-de-belarmino\/wp-json\/wp\/v2\/types\/post"}],"author":[{"embeddable":true,"href":"https:\/\/blogs.elcomercio.es\/reflexiones-de-belarmino\/wp-json\/wp\/v2\/users\/16"}],"replies":[{"embeddable":true,"href":"https:\/\/blogs.elcomercio.es\/reflexiones-de-belarmino\/wp-json\/wp\/v2\/comments?post=41615"}],"version-history":[{"count":1,"href":"https:\/\/blogs.elcomercio.es\/reflexiones-de-belarmino\/wp-json\/wp\/v2\/posts\/41615\/revisions"}],"predecessor-version":[{"id":41616,"href":"https:\/\/blogs.elcomercio.es\/reflexiones-de-belarmino\/wp-json\/wp\/v2\/posts\/41615\/revisions\/41616"}],"wp:attachment":[{"href":"https:\/\/blogs.elcomercio.es\/reflexiones-de-belarmino\/wp-json\/wp\/v2\/media?parent=41615"}],"wp:term":[{"taxonomy":"category","embeddable":true,"href":"https:\/\/blogs.elcomercio.es\/reflexiones-de-belarmino\/wp-json\/wp\/v2\/categories?post=41615"},{"taxonomy":"post_tag","embeddable":true,"href":"https:\/\/blogs.elcomercio.es\/reflexiones-de-belarmino\/wp-json\/wp\/v2\/tags?post=41615"}],"curies":[{"name":"wp","href":"https:\/\/api.w.org\/{rel}","templated":true}]}}