{"id":41638,"date":"2025-02-22T12:37:43","date_gmt":"2025-02-22T11:37:43","guid":{"rendered":"https:\/\/blogs.elcomercio.es\/reflexiones-de-belarmino\/?p=41638"},"modified":"2025-02-22T12:37:43","modified_gmt":"2025-02-22T11:37:43","slug":"china-seguira-apoyando-a-la-organizacion-mundial-de-comercio-impulsara-a-el-sur-global-y-todas-las-ideas-progresistas","status":"publish","type":"post","link":"https:\/\/blogs.elcomercio.es\/reflexiones-de-belarmino\/2025\/02\/22\/china-seguira-apoyando-a-la-organizacion-mundial-de-comercio-impulsara-a-el-sur-global-y-todas-las-ideas-progresistas\/","title":{"rendered":"\u00a1\u00a1\u00a1\u00a1\u00a1CHINA SEGUIR\u00c1 APOYANDO A LA ORGANIZACI\u00d3N MUNDIAL DE COMERCIO, IMPULSAR\u00c1 A EL SUR GLOBAL Y TODAS LAS IDEAS PROGRESISTAS !!!"},"content":{"rendered":"\n<p>Ante el desaf\u00edo de Trump de no seguir apoyando a la ORGANIZACI\u00d3N MUNDIAL DEL COMERCIO, ayer China, contesto: &#8221; China seguir\u00e1 apoyando, ,impulsar\u00e1 al SUR GLOBAL y seguir\u00e1 apoyando a todos los paises progresistas del mundo&#8221;<\/p>\n<!-- AddThis Advanced Settings generic via filter on the_content --><!-- AddThis Share Buttons generic via filter on the_content -->","protected":false},"excerpt":{"rendered":"<p>Ante el desaf\u00edo de Trump de no seguir apoyando a la ORGANIZACI\u00d3N MUNDIAL DEL COMERCIO, ayer China, contesto: &#8221; China seguir\u00e1 apoyando, ,impulsar\u00e1 al SUR GLOBAL y seguir\u00e1 apoyando a todos los paises progresistas del mundo&#8221;<!-- AddThis Advanced Settings generic via filter on get_the_excerpt --><!-- AddThis Share Buttons generic via filter on get_the_excerpt --><\/p>\n","protected":false},"author":16,"featured_media":0,"comment_status":"open","ping_status":"closed","sticky":false,"template":"","format":"standard","meta":[],"categories":[1],"tags":[],"_links":{"self":[{"href":"https:\/\/blogs.elcomercio.es\/reflexiones-de-belarmino\/wp-json\/wp\/v2\/posts\/41638"}],"collection":[{"href":"https:\/\/blogs.elcomercio.es\/reflexiones-de-belarmino\/wp-json\/wp\/v2\/posts"}],"about":[{"href":"https:\/\/blogs.elcomercio.es\/reflexiones-de-belarmino\/wp-json\/wp\/v2\/types\/post"}],"author":[{"embeddable":true,"href":"https:\/\/blogs.elcomercio.es\/reflexiones-de-belarmino\/wp-json\/wp\/v2\/users\/16"}],"replies":[{"embeddable":true,"href":"https:\/\/blogs.elcomercio.es\/reflexiones-de-belarmino\/wp-json\/wp\/v2\/comments?post=41638"}],"version-history":[{"count":1,"href":"https:\/\/blogs.elcomercio.es\/reflexiones-de-belarmino\/wp-json\/wp\/v2\/posts\/41638\/revisions"}],"predecessor-version":[{"id":41639,"href":"https:\/\/blogs.elcomercio.es\/reflexiones-de-belarmino\/wp-json\/wp\/v2\/posts\/41638\/revisions\/41639"}],"wp:attachment":[{"href":"https:\/\/blogs.elcomercio.es\/reflexiones-de-belarmino\/wp-json\/wp\/v2\/media?parent=41638"}],"wp:term":[{"taxonomy":"category","embeddable":true,"href":"https:\/\/blogs.elcomercio.es\/reflexiones-de-belarmino\/wp-json\/wp\/v2\/categories?post=41638"},{"taxonomy":"post_tag","embeddable":true,"href":"https:\/\/blogs.elcomercio.es\/reflexiones-de-belarmino\/wp-json\/wp\/v2\/tags?post=41638"}],"curies":[{"name":"wp","href":"https:\/\/api.w.org\/{rel}","templated":true}]}}