{"id":41644,"date":"2025-02-22T17:14:36","date_gmt":"2025-02-22T16:14:36","guid":{"rendered":"https:\/\/blogs.elcomercio.es\/reflexiones-de-belarmino\/?p=41644"},"modified":"2025-02-22T17:14:37","modified_gmt":"2025-02-22T16:14:37","slug":"estad-tranquilos-esta-legislatura-durara-hasta-2027-zapatero-en-acto-en-sevilla-de-apoyo-a-montero","status":"publish","type":"post","link":"https:\/\/blogs.elcomercio.es\/reflexiones-de-belarmino\/2025\/02\/22\/estad-tranquilos-esta-legislatura-durara-hasta-2027-zapatero-en-acto-en-sevilla-de-apoyo-a-montero\/","title":{"rendered":"\u00a1\u00a1\u00a1\u00a1\u00a1\u00a1 &#8220;ESTAD TRANQUILOS, ESTA LEGISLATURA DURAR\u00c1 HASTA 2027&#8221;: ZAPATERO EN ACTO EN SEVILLA DE APOYO A MONTERO !!!!"},"content":{"rendered":"\n<p>Una vez m\u00e1s, el socialista congruente, el que pas\u00f3 de ser presidente a un luchador al servicio del Partido, y que ni se le ocurri\u00f3 como Gonz\u00e1lez, atravesar la puerta giratoria de las electricas, sino que ha estado al servicio del PSOE, su partido, con misiones donde se le asignen dentro o fuera del pa\u00eds, con la mayor prudencia y que es un aut\u00e9ntico valor socialista de los de toda la vida, dijo hoy en Sevilla en el Congreso Socialista de Andaluc\u00eda que nombraba a Mar\u00eda Jes\u00fas Montero:&#8221; ESTAD TRANQUILOS; ESTA LEGISLATURA DURAR\u00c1 HASTA 2027 &#8220;<\/p>\n<!-- AddThis Advanced Settings generic via filter on the_content --><!-- AddThis Share Buttons generic via filter on the_content -->","protected":false},"excerpt":{"rendered":"<p>Una vez m\u00e1s, el socialista congruente, el que pas\u00f3 de ser presidente a un luchador al servicio del Partido, y que ni se le ocurri\u00f3 como Gonz\u00e1lez, atravesar la puerta giratoria de las electricas, sino que ha estado al servicio del PSOE, su partido, con misiones donde se le asignen dentro o fuera del pa\u00eds, [&hellip;]<!-- AddThis Advanced Settings generic via filter on get_the_excerpt --><!-- AddThis Share Buttons generic via filter on get_the_excerpt --><\/p>\n","protected":false},"author":16,"featured_media":0,"comment_status":"open","ping_status":"closed","sticky":false,"template":"","format":"standard","meta":[],"categories":[1],"tags":[],"_links":{"self":[{"href":"https:\/\/blogs.elcomercio.es\/reflexiones-de-belarmino\/wp-json\/wp\/v2\/posts\/41644"}],"collection":[{"href":"https:\/\/blogs.elcomercio.es\/reflexiones-de-belarmino\/wp-json\/wp\/v2\/posts"}],"about":[{"href":"https:\/\/blogs.elcomercio.es\/reflexiones-de-belarmino\/wp-json\/wp\/v2\/types\/post"}],"author":[{"embeddable":true,"href":"https:\/\/blogs.elcomercio.es\/reflexiones-de-belarmino\/wp-json\/wp\/v2\/users\/16"}],"replies":[{"embeddable":true,"href":"https:\/\/blogs.elcomercio.es\/reflexiones-de-belarmino\/wp-json\/wp\/v2\/comments?post=41644"}],"version-history":[{"count":1,"href":"https:\/\/blogs.elcomercio.es\/reflexiones-de-belarmino\/wp-json\/wp\/v2\/posts\/41644\/revisions"}],"predecessor-version":[{"id":41645,"href":"https:\/\/blogs.elcomercio.es\/reflexiones-de-belarmino\/wp-json\/wp\/v2\/posts\/41644\/revisions\/41645"}],"wp:attachment":[{"href":"https:\/\/blogs.elcomercio.es\/reflexiones-de-belarmino\/wp-json\/wp\/v2\/media?parent=41644"}],"wp:term":[{"taxonomy":"category","embeddable":true,"href":"https:\/\/blogs.elcomercio.es\/reflexiones-de-belarmino\/wp-json\/wp\/v2\/categories?post=41644"},{"taxonomy":"post_tag","embeddable":true,"href":"https:\/\/blogs.elcomercio.es\/reflexiones-de-belarmino\/wp-json\/wp\/v2\/tags?post=41644"}],"curies":[{"name":"wp","href":"https:\/\/api.w.org\/{rel}","templated":true}]}}