{"id":41698,"date":"2025-02-25T11:08:31","date_gmt":"2025-02-25T10:08:31","guid":{"rendered":"https:\/\/blogs.elcomercio.es\/reflexiones-de-belarmino\/?p=41698"},"modified":"2025-02-25T11:08:32","modified_gmt":"2025-02-25T10:08:32","slug":"noche-tranquila-no-han-vuelto-aparecer-crisis-y-la-infeccion-leve-no-preocupa-se-mantiene-la-situacion-critica","status":"publish","type":"post","link":"https:\/\/blogs.elcomercio.es\/reflexiones-de-belarmino\/2025\/02\/25\/noche-tranquila-no-han-vuelto-aparecer-crisis-y-la-infeccion-leve-no-preocupa-se-mantiene-la-situacion-critica\/","title":{"rendered":"\u00a1\u00a1\u00a1\u00a1\u00a1NOCHE TRANQUILA, NO HAN VUELTO APARECER CRISIS Y LA INFECCI\u00d3N LEVE NO PREOCUPA. SE MANTIENE LA SITUACI\u00d3N CR\u00cdTICA !!!"},"content":{"rendered":"\n<p>Parte de hoy en la ma\u00f1ana. El Papa ha dormido tranquilo, no han vuelto a aparecer crisis, y la infecci\u00f3n leve no preocupa. De todas formas permanece la situaci\u00f3n cr\u00edtica.<\/p>\n<!-- AddThis Advanced Settings generic via filter on the_content --><!-- AddThis Share Buttons generic via filter on the_content -->","protected":false},"excerpt":{"rendered":"<p>Parte de hoy en la ma\u00f1ana. El Papa ha dormido tranquilo, no han vuelto a aparecer crisis, y la infecci\u00f3n leve no preocupa. De todas formas permanece la situaci\u00f3n cr\u00edtica.<!-- AddThis Advanced Settings generic via filter on get_the_excerpt --><!-- AddThis Share Buttons generic via filter on get_the_excerpt --><\/p>\n","protected":false},"author":16,"featured_media":0,"comment_status":"open","ping_status":"closed","sticky":false,"template":"","format":"standard","meta":[],"categories":[1],"tags":[],"_links":{"self":[{"href":"https:\/\/blogs.elcomercio.es\/reflexiones-de-belarmino\/wp-json\/wp\/v2\/posts\/41698"}],"collection":[{"href":"https:\/\/blogs.elcomercio.es\/reflexiones-de-belarmino\/wp-json\/wp\/v2\/posts"}],"about":[{"href":"https:\/\/blogs.elcomercio.es\/reflexiones-de-belarmino\/wp-json\/wp\/v2\/types\/post"}],"author":[{"embeddable":true,"href":"https:\/\/blogs.elcomercio.es\/reflexiones-de-belarmino\/wp-json\/wp\/v2\/users\/16"}],"replies":[{"embeddable":true,"href":"https:\/\/blogs.elcomercio.es\/reflexiones-de-belarmino\/wp-json\/wp\/v2\/comments?post=41698"}],"version-history":[{"count":1,"href":"https:\/\/blogs.elcomercio.es\/reflexiones-de-belarmino\/wp-json\/wp\/v2\/posts\/41698\/revisions"}],"predecessor-version":[{"id":41699,"href":"https:\/\/blogs.elcomercio.es\/reflexiones-de-belarmino\/wp-json\/wp\/v2\/posts\/41698\/revisions\/41699"}],"wp:attachment":[{"href":"https:\/\/blogs.elcomercio.es\/reflexiones-de-belarmino\/wp-json\/wp\/v2\/media?parent=41698"}],"wp:term":[{"taxonomy":"category","embeddable":true,"href":"https:\/\/blogs.elcomercio.es\/reflexiones-de-belarmino\/wp-json\/wp\/v2\/categories?post=41698"},{"taxonomy":"post_tag","embeddable":true,"href":"https:\/\/blogs.elcomercio.es\/reflexiones-de-belarmino\/wp-json\/wp\/v2\/tags?post=41698"}],"curies":[{"name":"wp","href":"https:\/\/api.w.org\/{rel}","templated":true}]}}