{"id":41702,"date":"2025-02-25T11:23:26","date_gmt":"2025-02-25T10:23:26","guid":{"rendered":"https:\/\/blogs.elcomercio.es\/reflexiones-de-belarmino\/?p=41702"},"modified":"2025-02-25T11:23:27","modified_gmt":"2025-02-25T10:23:27","slug":"trump-me-reunire-con-zelensky-esta-semana-o-la-proximaa-para-firmar-convenio-tierras-raras-puede-ser-en-el-despacho-oval","status":"publish","type":"post","link":"https:\/\/blogs.elcomercio.es\/reflexiones-de-belarmino\/2025\/02\/25\/trump-me-reunire-con-zelensky-esta-semana-o-la-proximaa-para-firmar-convenio-tierras-raras-puede-ser-en-el-despacho-oval\/","title":{"rendered":"\u00a1\u00a1\u00a1\u00a1\u00a1\u00a1TRUMP: &#8221; ME REUNIR\u00c9 CON ZELENSKY ESTA SEMANA O ,LA PR\u00d3XIMA,A PARA FIRMAR CONVENIO TIERRAS RARAS. PUEDE SER EN EL DESPACHO OVAL !!!"},"content":{"rendered":"\n<p>Trump, acaba de informar que &#8220;esta o la semana pr\u00f3xima me reunir\u00e9 con Zelensky para la firma de las Tierras Raras, y otros asuntos&#8221;. Me gustar\u00eda que fuese en el Despacho Oval.<\/p>\n<!-- AddThis Advanced Settings generic via filter on the_content --><!-- AddThis Share Buttons generic via filter on the_content -->","protected":false},"excerpt":{"rendered":"<p>Trump, acaba de informar que &#8220;esta o la semana pr\u00f3xima me reunir\u00e9 con Zelensky para la firma de las Tierras Raras, y otros asuntos&#8221;. Me gustar\u00eda que fuese en el Despacho Oval.<!-- AddThis Advanced Settings generic via filter on get_the_excerpt --><!-- AddThis Share Buttons generic via filter on get_the_excerpt --><\/p>\n","protected":false},"author":16,"featured_media":0,"comment_status":"open","ping_status":"closed","sticky":false,"template":"","format":"standard","meta":[],"categories":[1],"tags":[],"_links":{"self":[{"href":"https:\/\/blogs.elcomercio.es\/reflexiones-de-belarmino\/wp-json\/wp\/v2\/posts\/41702"}],"collection":[{"href":"https:\/\/blogs.elcomercio.es\/reflexiones-de-belarmino\/wp-json\/wp\/v2\/posts"}],"about":[{"href":"https:\/\/blogs.elcomercio.es\/reflexiones-de-belarmino\/wp-json\/wp\/v2\/types\/post"}],"author":[{"embeddable":true,"href":"https:\/\/blogs.elcomercio.es\/reflexiones-de-belarmino\/wp-json\/wp\/v2\/users\/16"}],"replies":[{"embeddable":true,"href":"https:\/\/blogs.elcomercio.es\/reflexiones-de-belarmino\/wp-json\/wp\/v2\/comments?post=41702"}],"version-history":[{"count":1,"href":"https:\/\/blogs.elcomercio.es\/reflexiones-de-belarmino\/wp-json\/wp\/v2\/posts\/41702\/revisions"}],"predecessor-version":[{"id":41703,"href":"https:\/\/blogs.elcomercio.es\/reflexiones-de-belarmino\/wp-json\/wp\/v2\/posts\/41702\/revisions\/41703"}],"wp:attachment":[{"href":"https:\/\/blogs.elcomercio.es\/reflexiones-de-belarmino\/wp-json\/wp\/v2\/media?parent=41702"}],"wp:term":[{"taxonomy":"category","embeddable":true,"href":"https:\/\/blogs.elcomercio.es\/reflexiones-de-belarmino\/wp-json\/wp\/v2\/categories?post=41702"},{"taxonomy":"post_tag","embeddable":true,"href":"https:\/\/blogs.elcomercio.es\/reflexiones-de-belarmino\/wp-json\/wp\/v2\/tags?post=41702"}],"curies":[{"name":"wp","href":"https:\/\/api.w.org\/{rel}","templated":true}]}}