{"id":41706,"date":"2025-02-25T17:29:29","date_gmt":"2025-02-25T16:29:29","guid":{"rendered":"https:\/\/blogs.elcomercio.es\/reflexiones-de-belarmino\/?p=41706"},"modified":"2025-02-25T17:29:30","modified_gmt":"2025-02-25T16:29:30","slug":"jamas-voy-a-vender-la-soberania-de-mexicosheinbaum","status":"publish","type":"post","link":"https:\/\/blogs.elcomercio.es\/reflexiones-de-belarmino\/2025\/02\/25\/jamas-voy-a-vender-la-soberania-de-mexicosheinbaum\/","title":{"rendered":"\u00a1\u00a1\u00a1\u00a1\u00a1\u00a1\u00a1 &#8220;JAM\u00c1S VOY A VENDER LA SOBERAN\u00cdA DE M\u00c9XICO&#8221;:SHEINBAUM.-"},"content":{"rendered":"\n<p>No s\u00f3lo el gobierno del pa\u00eds; no s\u00f3lo las Fuerzas Armadas; no s\u00f3lo todo el pueblo mexicano est\u00e1 alerta a las acciones de los Estados Unidos, con los que ellos denominan &#8220;terroristas&#8221;, sino que la Comandanta en Jefe de las Fuerzas Armadas y presidenta de la Republica Mexicana, la doctora Claudia Sheinbaum Pardo, ha dejado claro hoy en la Ma\u00f1anera: &#8221; JAMAS VOY A VENDER LA SOBERAN\u00cdA DE MEXICO &#8220;. Alguna informaci\u00f3n tiene para reiterar hoy esta declaraci\u00f3n.<\/p>\n<!-- AddThis Advanced Settings generic via filter on the_content --><!-- AddThis Share Buttons generic via filter on the_content -->","protected":false},"excerpt":{"rendered":"<p>No s\u00f3lo el gobierno del pa\u00eds; no s\u00f3lo las Fuerzas Armadas; no s\u00f3lo todo el pueblo mexicano est\u00e1 alerta a las acciones de los Estados Unidos, con los que ellos denominan &#8220;terroristas&#8221;, sino que la Comandanta en Jefe de las Fuerzas Armadas y presidenta de la Republica Mexicana, la doctora Claudia Sheinbaum Pardo, ha dejado [&hellip;]<!-- AddThis Advanced Settings generic via filter on get_the_excerpt --><!-- AddThis Share Buttons generic via filter on get_the_excerpt --><\/p>\n","protected":false},"author":16,"featured_media":0,"comment_status":"open","ping_status":"closed","sticky":false,"template":"","format":"standard","meta":[],"categories":[1],"tags":[],"_links":{"self":[{"href":"https:\/\/blogs.elcomercio.es\/reflexiones-de-belarmino\/wp-json\/wp\/v2\/posts\/41706"}],"collection":[{"href":"https:\/\/blogs.elcomercio.es\/reflexiones-de-belarmino\/wp-json\/wp\/v2\/posts"}],"about":[{"href":"https:\/\/blogs.elcomercio.es\/reflexiones-de-belarmino\/wp-json\/wp\/v2\/types\/post"}],"author":[{"embeddable":true,"href":"https:\/\/blogs.elcomercio.es\/reflexiones-de-belarmino\/wp-json\/wp\/v2\/users\/16"}],"replies":[{"embeddable":true,"href":"https:\/\/blogs.elcomercio.es\/reflexiones-de-belarmino\/wp-json\/wp\/v2\/comments?post=41706"}],"version-history":[{"count":1,"href":"https:\/\/blogs.elcomercio.es\/reflexiones-de-belarmino\/wp-json\/wp\/v2\/posts\/41706\/revisions"}],"predecessor-version":[{"id":41707,"href":"https:\/\/blogs.elcomercio.es\/reflexiones-de-belarmino\/wp-json\/wp\/v2\/posts\/41706\/revisions\/41707"}],"wp:attachment":[{"href":"https:\/\/blogs.elcomercio.es\/reflexiones-de-belarmino\/wp-json\/wp\/v2\/media?parent=41706"}],"wp:term":[{"taxonomy":"category","embeddable":true,"href":"https:\/\/blogs.elcomercio.es\/reflexiones-de-belarmino\/wp-json\/wp\/v2\/categories?post=41706"},{"taxonomy":"post_tag","embeddable":true,"href":"https:\/\/blogs.elcomercio.es\/reflexiones-de-belarmino\/wp-json\/wp\/v2\/tags?post=41706"}],"curies":[{"name":"wp","href":"https:\/\/api.w.org\/{rel}","templated":true}]}}