{"id":41771,"date":"2025-03-01T13:48:41","date_gmt":"2025-03-01T12:48:41","guid":{"rendered":"https:\/\/blogs.elcomercio.es\/reflexiones-de-belarmino\/?p=41771"},"modified":"2025-03-01T13:48:41","modified_gmt":"2025-03-01T12:48:41","slug":"que-paso-ayer-ene-el-despacho-oval-una-lectura","status":"publish","type":"post","link":"https:\/\/blogs.elcomercio.es\/reflexiones-de-belarmino\/2025\/03\/01\/que-paso-ayer-ene-el-despacho-oval-una-lectura\/","title":{"rendered":"\u00a1\u00a1\u00a1\u00a1\u00a1\u00a1 \u00bf QU\u00c9 PAS\u00d3 AYER ENE EL DESPACHO OVAL ?. UNA LECTURA !!!!"},"content":{"rendered":"\n<p>Creemos que es \u00fatil ubicar bien, para interpretar lo sucedido ayer en el Despacho Oval de la Casa Blanca, entender como se produjo ese in\u00e9dito acto ante la prensa entre Donald Trump y Volodimir Zelenski.<\/p>\n\n\n\n<p>Hacia la Cumbre Putin- Trump, para fijar el futuro de una paz entre Rusia y Ucrania,entraba en escena Zelensky, en d\u00e9bil posici\u00f3n, por la necesidad de seguir recibiendo el apoyo de EE:UU a cambios de un 50 % de las Tierras Raras de Ucrania. Pero Zelensky, que parece no haber tenido una idea clara que como lo us\u00f3 Bideen, para ssolaapar los negocios de HUnter, y consigui\u00f3 apoyarlo con la ayuada de la Uni\u00f3n Europea y del Rein Unido.<\/p>\n\n\n\n<p>Con todo el apoyo militar Ucrania no pudo repeler la ofensiva rusa que iba por el Donbass, y CRimea. Los aparatos propagand\u00edsticos de Occidente y de la misma forma Rusa, con la bendici\u00f3n de los millones de tropas de ambos paises de los lideres no ortodoxos de Rusia y de Ucrania.<\/p>\n\n\n\n<p>En ese marco, fr\u00edamente calculado Biden y Europa crearon un personaje, joven, simp\u00e1tico luchador, le pusieron la misma aropa, la misma barba y corte de pelo y lo mandaron a recorrer el mundo, a defender la causa de la &#8220;libertad&#8221;. Presidentes, Reyes, Parlamentos, todos de largo para recibir a aquel hombre extraordinario capaz de enfrentar a Putin, aunque a Putin,lo enfrentaban toda Europa y los Estados UNidos..<\/p>\n\n\n\n<p>Pero cay\u00f3 Biden y entr\u00f3 Trump, que su caracter\u00edstico estilo, dijo que el iba a acabar la Guerra. La base la Cumbre entre los 2 grandes, pero y Ucrania y la UNi\u00f3n Europea. Trump y Putin dejaron a un lado a Europa, la entrada a ala OTAN y le dejaron la salida para que en 2030 sea socio de la UNi\u00f3n Europea.<\/p>\n\n\n\n<p>Y Trump, fij\u00f3 sus condiciones. &#8221; Te hemos mandado casi un bill\u00f3n de d\u00f3laress para la guerra y el negocio de la reconstruicci\u00f3n, ahora yo quiero que ese prestamo, que no ayuda, nos los devuelvas en Tierras Raras, dondee seremos socxios al 50 %.<\/p>\n\n\n\n<p>No teniendo la altura de un lider forjado en la lucha, sino en los medios, Zalensky acepto que la firma por esas Tierras Raras  en Washington, fuera, si lo quer\u00f1\u00eda Zelensky, en el Despacho Oval.<\/p>\n\n\n\n<p>Y lleg\u00f3 el d\u00eda. Un mano a mano entre  ambos, ante el gabinete y la prensa,<\/p>\n\n\n\n<p>Y ah\u00ed perdi\u00f3 la oportunidad y secrr\u00f3 el futuro para \u00e9l y Ucranias. Al escucharla completa, Zelensky trat\u00f3 durante esa casi media hora a tratar de criticar a Rusia, como la causante de todo, A pesar de que TRump, le dec\u00eda, suavemente &#8220;stop&#8221; cuando se sal\u00eda del motivo de la reuni\u00f3n, Zelensky  acuso a Putin, una y otra vez, hasta que lleg\u00f3 el choque.<\/p>\n\n\n\n<p>Vance el vicepresidente le dijo&#8221; no es correcto venir aqu\u00ed a las oficinas del pa\u00eds que m\u00e1s le ayud\u00f3 en la guerra a dirimir sus conflictos con Putin, y Zelensky segu\u00eda, y segu\u00eda, ante la incredulidad de la embajadora de Ucrania en Estados Unidos, que percib\u00eda, como todos que Zelensky no entend\u00eda la reuni\u00f3n y en lugar de deteenerse para ofrecer soluci\u00f3nes, sigui\u00f3 y sigui\u00f3 atacando a Putin, hasta que se temi\u00f3 lo peor. Trump interrumpi\u00f3, creo que como hiubiera hecho cualquier presidente en su caso, para decirle a Zelenski, que queriendo continuar la guerra, estaba jugando con la Tercera Guerra Mundial y que no ten\u00eda las cartas para imponer su posici\u00f3n de acabar con Putin.<\/p>\n\n\n\n<p>Zelenski, tambi\u00e9n se alter\u00f3 y  de nuevo Vance, el vicepresidente, le recrimin\u00f3, hasta que Zelensky abandon\u00f3 la sala, la Casa Blanca, y aunque en Washington la FOX le ofreci\u00f3 su gran cadena, el da\u00f1o estaba hecho.<\/p>\n\n\n\n<p>Una oportunidad perdida.<\/p>\n\n\n\n<p>Quiz\u00e1s Trump pensaria como muchos durante tres a\u00f1os que aquella guerra era evitable, al violar los acuerdos de MInsk.<\/p>\n\n\n\n<p>Europa, volvi\u00f3 hoy a la mismo. 20 paises apoyan a Zelensky, pero y los \u00bf 176 restantes ?.<\/p>\n\n\n\n<p>En s\u00edntesis, Zelensky demostr\u00f3 su verdadero nivel. La relaci\u00f3n entre EE:UU y Rus\u00eda se consolid\u00f3 con la satisfacci\u00f3n de China.<\/p>\n\n\n\n<p>De nuevo Europa, ya no Occidente, se debilit\u00f3.<\/p>\n\n\n\n<p>La Cumbre se har\u00e1, la paz llegar\u00e1, Ucrania no entrar\u00e1 la OTAN sino, y si bien le va a la Uni\u00f3n Europea en 2030 ser\u00e1 su socio. Rusia recuperar\u00e1 sus fronteras seguras y su salida al Mar Negro y al Mediterr\u00e1neo.Ucrania llegar\u00e1 a la paz con un presidente elegido, Zelensky fuera.<\/p>\n\n\n\n<p><\/p>\n\n\n\n<p><\/p>\n<!-- AddThis Advanced Settings generic via filter on the_content --><!-- AddThis Share Buttons generic via filter on the_content -->","protected":false},"excerpt":{"rendered":"<p>Creemos que es \u00fatil ubicar bien, para interpretar lo sucedido ayer en el Despacho Oval de la Casa Blanca, entender como se produjo ese in\u00e9dito acto ante la prensa entre Donald Trump y Volodimir Zelenski. Hacia la Cumbre Putin- Trump, para fijar el futuro de una paz entre Rusia y Ucrania,entraba en escena Zelensky, en [&hellip;]<!-- AddThis Advanced Settings generic via filter on get_the_excerpt --><!-- AddThis Share Buttons generic via filter on get_the_excerpt --><\/p>\n","protected":false},"author":16,"featured_media":0,"comment_status":"open","ping_status":"closed","sticky":false,"template":"","format":"standard","meta":[],"categories":[1],"tags":[],"_links":{"self":[{"href":"https:\/\/blogs.elcomercio.es\/reflexiones-de-belarmino\/wp-json\/wp\/v2\/posts\/41771"}],"collection":[{"href":"https:\/\/blogs.elcomercio.es\/reflexiones-de-belarmino\/wp-json\/wp\/v2\/posts"}],"about":[{"href":"https:\/\/blogs.elcomercio.es\/reflexiones-de-belarmino\/wp-json\/wp\/v2\/types\/post"}],"author":[{"embeddable":true,"href":"https:\/\/blogs.elcomercio.es\/reflexiones-de-belarmino\/wp-json\/wp\/v2\/users\/16"}],"replies":[{"embeddable":true,"href":"https:\/\/blogs.elcomercio.es\/reflexiones-de-belarmino\/wp-json\/wp\/v2\/comments?post=41771"}],"version-history":[{"count":1,"href":"https:\/\/blogs.elcomercio.es\/reflexiones-de-belarmino\/wp-json\/wp\/v2\/posts\/41771\/revisions"}],"predecessor-version":[{"id":41772,"href":"https:\/\/blogs.elcomercio.es\/reflexiones-de-belarmino\/wp-json\/wp\/v2\/posts\/41771\/revisions\/41772"}],"wp:attachment":[{"href":"https:\/\/blogs.elcomercio.es\/reflexiones-de-belarmino\/wp-json\/wp\/v2\/media?parent=41771"}],"wp:term":[{"taxonomy":"category","embeddable":true,"href":"https:\/\/blogs.elcomercio.es\/reflexiones-de-belarmino\/wp-json\/wp\/v2\/categories?post=41771"},{"taxonomy":"post_tag","embeddable":true,"href":"https:\/\/blogs.elcomercio.es\/reflexiones-de-belarmino\/wp-json\/wp\/v2\/tags?post=41771"}],"curies":[{"name":"wp","href":"https:\/\/api.w.org\/{rel}","templated":true}]}}