{"id":41773,"date":"2025-03-01T14:33:58","date_gmt":"2025-03-01T13:33:58","guid":{"rendered":"https:\/\/blogs.elcomercio.es\/reflexiones-de-belarmino\/?p=41773"},"modified":"2025-03-01T14:33:59","modified_gmt":"2025-03-01T13:33:59","slug":"rusia-y-ee-uu-acuerdan-reanudar-sus-relaciones-diplomaticas-y-posibles-vuelos-entre-ambos-paises","status":"publish","type":"post","link":"https:\/\/blogs.elcomercio.es\/reflexiones-de-belarmino\/2025\/03\/01\/rusia-y-ee-uu-acuerdan-reanudar-sus-relaciones-diplomaticas-y-posibles-vuelos-entre-ambos-paises\/","title":{"rendered":"\u00a1\u00a1\u00a1\u00a1\u00a1\u00a1\u00a1 RUSIA Y EE.UU.  ACUERDAN REANUDAR SUS RELACIONES DIPLOM\u00c1TICAS, Y POSIBLES VUELOS ENTRE AMBOS PA\u00cdSES !!!"},"content":{"rendered":"\n<p>Mientras las tensiones se generaban en el Despacho Oval, en Estambul, en la segunda reuni\u00f3n para preparar la Cumbre TRUMP -PUTIN, avanzaban en sus acuerdos. Ayer decidieron reunidas sus relaciones diplom\u00e1ticas rotas por el conflicto de Ucrania, Rusia pidi\u00f3 el restablecimiento de vuelos comerciales entre ambos paises<\/p>\n<!-- AddThis Advanced Settings generic via filter on the_content --><!-- AddThis Share Buttons generic via filter on the_content -->","protected":false},"excerpt":{"rendered":"<p>Mientras las tensiones se generaban en el Despacho Oval, en Estambul, en la segunda reuni\u00f3n para preparar la Cumbre TRUMP -PUTIN, avanzaban en sus acuerdos. Ayer decidieron reunidas sus relaciones diplom\u00e1ticas rotas por el conflicto de Ucrania, Rusia pidi\u00f3 el restablecimiento de vuelos comerciales entre ambos paises<!-- AddThis Advanced Settings generic via filter on get_the_excerpt --><!-- AddThis Share Buttons generic via filter on get_the_excerpt --><\/p>\n","protected":false},"author":16,"featured_media":0,"comment_status":"open","ping_status":"closed","sticky":false,"template":"","format":"standard","meta":[],"categories":[1],"tags":[],"_links":{"self":[{"href":"https:\/\/blogs.elcomercio.es\/reflexiones-de-belarmino\/wp-json\/wp\/v2\/posts\/41773"}],"collection":[{"href":"https:\/\/blogs.elcomercio.es\/reflexiones-de-belarmino\/wp-json\/wp\/v2\/posts"}],"about":[{"href":"https:\/\/blogs.elcomercio.es\/reflexiones-de-belarmino\/wp-json\/wp\/v2\/types\/post"}],"author":[{"embeddable":true,"href":"https:\/\/blogs.elcomercio.es\/reflexiones-de-belarmino\/wp-json\/wp\/v2\/users\/16"}],"replies":[{"embeddable":true,"href":"https:\/\/blogs.elcomercio.es\/reflexiones-de-belarmino\/wp-json\/wp\/v2\/comments?post=41773"}],"version-history":[{"count":1,"href":"https:\/\/blogs.elcomercio.es\/reflexiones-de-belarmino\/wp-json\/wp\/v2\/posts\/41773\/revisions"}],"predecessor-version":[{"id":41774,"href":"https:\/\/blogs.elcomercio.es\/reflexiones-de-belarmino\/wp-json\/wp\/v2\/posts\/41773\/revisions\/41774"}],"wp:attachment":[{"href":"https:\/\/blogs.elcomercio.es\/reflexiones-de-belarmino\/wp-json\/wp\/v2\/media?parent=41773"}],"wp:term":[{"taxonomy":"category","embeddable":true,"href":"https:\/\/blogs.elcomercio.es\/reflexiones-de-belarmino\/wp-json\/wp\/v2\/categories?post=41773"},{"taxonomy":"post_tag","embeddable":true,"href":"https:\/\/blogs.elcomercio.es\/reflexiones-de-belarmino\/wp-json\/wp\/v2\/tags?post=41773"}],"curies":[{"name":"wp","href":"https:\/\/api.w.org\/{rel}","templated":true}]}}