{"id":41775,"date":"2025-03-01T18:13:13","date_gmt":"2025-03-01T17:13:13","guid":{"rendered":"https:\/\/blogs.elcomercio.es\/reflexiones-de-belarmino\/?p=41775"},"modified":"2025-03-01T18:13:14","modified_gmt":"2025-03-01T17:13:14","slug":"con-la-serenidad-de-la-presidenta-mexico-logro-un-poderoso-ataque-a-los-cartelessumo-a-los-ee-uu-con-su-alta-tecnologia-sin-intervencion-en-su-territorio-ese-cancer","status":"publish","type":"post","link":"https:\/\/blogs.elcomercio.es\/reflexiones-de-belarmino\/2025\/03\/01\/con-la-serenidad-de-la-presidenta-mexico-logro-un-poderoso-ataque-a-los-cartelessumo-a-los-ee-uu-con-su-alta-tecnologia-sin-intervencion-en-su-territorio-ese-cancer\/","title":{"rendered":"\u00a1\u00a1\u00a1\u00a1\u00a1CON LA SERENIDAD DE LA PRESIDENTA, MEXICO LOGR\u00d3 UN PODEROSO ATAQUE A LOS C\u00c1RTELES,SUM\u00d3 A LOS EE.UU. CON SU ALTA TECNOLOG\u00cdA, SIN INTERVENCI\u00d3N EN SU TERRITORIO. ESE C\u00c1NCER SALE MUY GOLPEADO!!"},"content":{"rendered":"\n<p>Hab\u00eda que saber entender el mensaje de Trump y sus amenazas, y la presidenta Sheinbaum lo ha logrado. Con informaci\u00f3n de la alta tecnolog\u00eda norteamericana y las fuerzas de seguridad de M\u00e9xico, evitando la intervenci\u00f3n en el pa\u00eds, el pa\u00eds enfrenta este 1 de marzo en plena ofensiva por acabar con los Carteles que creados por los ex presidentes Salinas, Zedillo, Fox, Calder\u00f3n y Pe\u00f1a Nieto, que forma parte de la Cuarta Transformaci\u00f3n.<\/p>\n\n\n\n<p>Era un problema de saber tejer, que le falt\u00f3 ayer a Zelenski en el Despacho Oval.<\/p>\n<!-- AddThis Advanced Settings generic via filter on the_content --><!-- AddThis Share Buttons generic via filter on the_content -->","protected":false},"excerpt":{"rendered":"<p>Hab\u00eda que saber entender el mensaje de Trump y sus amenazas, y la presidenta Sheinbaum lo ha logrado. Con informaci\u00f3n de la alta tecnolog\u00eda norteamericana y las fuerzas de seguridad de M\u00e9xico, evitando la intervenci\u00f3n en el pa\u00eds, el pa\u00eds enfrenta este 1 de marzo en plena ofensiva por acabar con los Carteles que creados [&hellip;]<!-- AddThis Advanced Settings generic via filter on get_the_excerpt --><!-- AddThis Share Buttons generic via filter on get_the_excerpt --><\/p>\n","protected":false},"author":16,"featured_media":0,"comment_status":"open","ping_status":"closed","sticky":false,"template":"","format":"standard","meta":[],"categories":[1],"tags":[],"_links":{"self":[{"href":"https:\/\/blogs.elcomercio.es\/reflexiones-de-belarmino\/wp-json\/wp\/v2\/posts\/41775"}],"collection":[{"href":"https:\/\/blogs.elcomercio.es\/reflexiones-de-belarmino\/wp-json\/wp\/v2\/posts"}],"about":[{"href":"https:\/\/blogs.elcomercio.es\/reflexiones-de-belarmino\/wp-json\/wp\/v2\/types\/post"}],"author":[{"embeddable":true,"href":"https:\/\/blogs.elcomercio.es\/reflexiones-de-belarmino\/wp-json\/wp\/v2\/users\/16"}],"replies":[{"embeddable":true,"href":"https:\/\/blogs.elcomercio.es\/reflexiones-de-belarmino\/wp-json\/wp\/v2\/comments?post=41775"}],"version-history":[{"count":1,"href":"https:\/\/blogs.elcomercio.es\/reflexiones-de-belarmino\/wp-json\/wp\/v2\/posts\/41775\/revisions"}],"predecessor-version":[{"id":41776,"href":"https:\/\/blogs.elcomercio.es\/reflexiones-de-belarmino\/wp-json\/wp\/v2\/posts\/41775\/revisions\/41776"}],"wp:attachment":[{"href":"https:\/\/blogs.elcomercio.es\/reflexiones-de-belarmino\/wp-json\/wp\/v2\/media?parent=41775"}],"wp:term":[{"taxonomy":"category","embeddable":true,"href":"https:\/\/blogs.elcomercio.es\/reflexiones-de-belarmino\/wp-json\/wp\/v2\/categories?post=41775"},{"taxonomy":"post_tag","embeddable":true,"href":"https:\/\/blogs.elcomercio.es\/reflexiones-de-belarmino\/wp-json\/wp\/v2\/tags?post=41775"}],"curies":[{"name":"wp","href":"https:\/\/api.w.org\/{rel}","templated":true}]}}