{"id":41777,"date":"2025-03-01T18:30:24","date_gmt":"2025-03-01T17:30:24","guid":{"rendered":"https:\/\/blogs.elcomercio.es\/reflexiones-de-belarmino\/?p=41777"},"modified":"2025-03-01T18:30:25","modified_gmt":"2025-03-01T17:30:25","slug":"historico-hoy-una-monja-de-56-anosrafaella-petrini-licenciada-en-ciencias-politicas-es-la-alcaldesa-de-el-vaticano-sera-la-primera-cardenala","status":"publish","type":"post","link":"https:\/\/blogs.elcomercio.es\/reflexiones-de-belarmino\/2025\/03\/01\/historico-hoy-una-monja-de-56-anosrafaella-petrini-licenciada-en-ciencias-politicas-es-la-alcaldesa-de-el-vaticano-sera-la-primera-cardenala\/","title":{"rendered":"\u00a1\u00a1\u00a1\u00a1\u00a1HIST\u00d3RICO.- HOY, UNA MONJA DE 56 A\u00d1OS,RAFAELLA PETRINI,  LICENCIADA EN CIENCIAS POL\u00cdTICAS, ES LA ALCALDESA DE EL VATICANO, \u00bfSER\u00c1 LA PRIMERA CARDENALA?!!!"},"content":{"rendered":"\n<p>Mientras Francisco lucha por su vida, su \u00faltima semilla , Rafaella Petrini, monja de 56 a\u00f1os, licenciada en Ciencias Pol\u00edticas ha tomado posesi\u00f3n como Alcaldesa de El Vaticano. \u00bf Ser\u00e1 la primera cardenala en la historia de El Vaticano ?<\/p>\n<!-- AddThis Advanced Settings generic via filter on the_content --><!-- AddThis Share Buttons generic via filter on the_content -->","protected":false},"excerpt":{"rendered":"<p>Mientras Francisco lucha por su vida, su \u00faltima semilla , Rafaella Petrini, monja de 56 a\u00f1os, licenciada en Ciencias Pol\u00edticas ha tomado posesi\u00f3n como Alcaldesa de El Vaticano. \u00bf Ser\u00e1 la primera cardenala en la historia de El Vaticano ?<!-- AddThis Advanced Settings generic via filter on get_the_excerpt --><!-- AddThis Share Buttons generic via filter on get_the_excerpt --><\/p>\n","protected":false},"author":16,"featured_media":0,"comment_status":"open","ping_status":"closed","sticky":false,"template":"","format":"standard","meta":[],"categories":[1],"tags":[],"_links":{"self":[{"href":"https:\/\/blogs.elcomercio.es\/reflexiones-de-belarmino\/wp-json\/wp\/v2\/posts\/41777"}],"collection":[{"href":"https:\/\/blogs.elcomercio.es\/reflexiones-de-belarmino\/wp-json\/wp\/v2\/posts"}],"about":[{"href":"https:\/\/blogs.elcomercio.es\/reflexiones-de-belarmino\/wp-json\/wp\/v2\/types\/post"}],"author":[{"embeddable":true,"href":"https:\/\/blogs.elcomercio.es\/reflexiones-de-belarmino\/wp-json\/wp\/v2\/users\/16"}],"replies":[{"embeddable":true,"href":"https:\/\/blogs.elcomercio.es\/reflexiones-de-belarmino\/wp-json\/wp\/v2\/comments?post=41777"}],"version-history":[{"count":1,"href":"https:\/\/blogs.elcomercio.es\/reflexiones-de-belarmino\/wp-json\/wp\/v2\/posts\/41777\/revisions"}],"predecessor-version":[{"id":41778,"href":"https:\/\/blogs.elcomercio.es\/reflexiones-de-belarmino\/wp-json\/wp\/v2\/posts\/41777\/revisions\/41778"}],"wp:attachment":[{"href":"https:\/\/blogs.elcomercio.es\/reflexiones-de-belarmino\/wp-json\/wp\/v2\/media?parent=41777"}],"wp:term":[{"taxonomy":"category","embeddable":true,"href":"https:\/\/blogs.elcomercio.es\/reflexiones-de-belarmino\/wp-json\/wp\/v2\/categories?post=41777"},{"taxonomy":"post_tag","embeddable":true,"href":"https:\/\/blogs.elcomercio.es\/reflexiones-de-belarmino\/wp-json\/wp\/v2\/tags?post=41777"}],"curies":[{"name":"wp","href":"https:\/\/api.w.org\/{rel}","templated":true}]}}