{"id":41999,"date":"2025-03-12T12:44:47","date_gmt":"2025-03-12T11:44:47","guid":{"rendered":"https:\/\/blogs.elcomercio.es\/reflexiones-de-belarmino\/?p=41999"},"modified":"2025-03-12T12:44:47","modified_gmt":"2025-03-12T11:44:47","slug":"bochorno-e-indignacion-en-mexico-tras-aparecer-en-reynosa-otro-cementerio-clandestino-las-desapariciones-de-juarez-narcos-escondidos-temerosos","status":"publish","type":"post","link":"https:\/\/blogs.elcomercio.es\/reflexiones-de-belarmino\/2025\/03\/12\/bochorno-e-indignacion-en-mexico-tras-aparecer-en-reynosa-otro-cementerio-clandestino-las-desapariciones-de-juarez-narcos-escondidos-temerosos\/","title":{"rendered":"\u00a1\u00a1\u00a1\u00a1\u00a1\u00a1BOCHORNO E INDIGNACI\u00d3N EN MEXICO TRAS APARECER EN REYNOSA, OTRO CEMENTERIO CLANDESTINO. \u00bf LAS DESAPARICIONES DE JU\u00c1REZ ? NARCOS, ESCONDIDOS, TEMEROSOS.!!!"},"content":{"rendered":"\n<p>Y en cuanto la Cuarta Transformaci\u00f3n empez\u00f3 a actuar y extraditar a los capos a los Estados Unidos(gran colaboraci\u00f3n entre ambos), ha empezado a aparecer los cementerios clandestinos y los hornos crematorios de los narcos solapados por los cinco gobiernos neoliberales. Ayer apareci\u00f3 en Tamaulipas otro cementerio clandestino. \u00bf Aques miles de mujeres, las Desaparecidas de Ju\u00e1rez, que trabajaban en las maquiladoras de EE:UU, y que siempre se estim\u00f3 sus miles de desapariciones para la venta de \u00f3rganos, estar\u00e1n bajo esos cementerios.?<\/p>\n\n\n\n<p>\u00bfQue nivel de corrupci\u00f3n, falta de humanidad, y desastre ocurrieron en aquellos 30 a\u00f1os, que es imposible pensar que los altos niveles lo desconocieron?<\/p>\n\n\n\n<p>Gracias a TRump, y sus amenzas, M\u00e9xico h\u00a1inici\u00f3 una colabaraci\u00f2n entre ambos paises que han permitido ir limpiando  M\u00e9xico.<\/p>\n\n\n\n<p>Hoy, los narcos, sabiendo que con este y el gobierno de L\u00f3pez Obrador van en serio, est\u00e1n escondidos, muertos de miedo por temor a la extradici\u00f3n, AUNQUE QUE HAY DECIR QUE EL FEN\u00d3MENO NO ESTA TERMINADO y la violencia sigue en 5 de los 32 estados.<\/p>\n<!-- AddThis Advanced Settings generic via filter on the_content --><!-- AddThis Share Buttons generic via filter on the_content -->","protected":false},"excerpt":{"rendered":"<p>Y en cuanto la Cuarta Transformaci\u00f3n empez\u00f3 a actuar y extraditar a los capos a los Estados Unidos(gran colaboraci\u00f3n entre ambos), ha empezado a aparecer los cementerios clandestinos y los hornos crematorios de los narcos solapados por los cinco gobiernos neoliberales. Ayer apareci\u00f3 en Tamaulipas otro cementerio clandestino. \u00bf Aques miles de mujeres, las Desaparecidas [&hellip;]<!-- AddThis Advanced Settings generic via filter on get_the_excerpt --><!-- AddThis Share Buttons generic via filter on get_the_excerpt --><\/p>\n","protected":false},"author":16,"featured_media":0,"comment_status":"open","ping_status":"closed","sticky":false,"template":"","format":"standard","meta":[],"categories":[1],"tags":[],"_links":{"self":[{"href":"https:\/\/blogs.elcomercio.es\/reflexiones-de-belarmino\/wp-json\/wp\/v2\/posts\/41999"}],"collection":[{"href":"https:\/\/blogs.elcomercio.es\/reflexiones-de-belarmino\/wp-json\/wp\/v2\/posts"}],"about":[{"href":"https:\/\/blogs.elcomercio.es\/reflexiones-de-belarmino\/wp-json\/wp\/v2\/types\/post"}],"author":[{"embeddable":true,"href":"https:\/\/blogs.elcomercio.es\/reflexiones-de-belarmino\/wp-json\/wp\/v2\/users\/16"}],"replies":[{"embeddable":true,"href":"https:\/\/blogs.elcomercio.es\/reflexiones-de-belarmino\/wp-json\/wp\/v2\/comments?post=41999"}],"version-history":[{"count":1,"href":"https:\/\/blogs.elcomercio.es\/reflexiones-de-belarmino\/wp-json\/wp\/v2\/posts\/41999\/revisions"}],"predecessor-version":[{"id":42000,"href":"https:\/\/blogs.elcomercio.es\/reflexiones-de-belarmino\/wp-json\/wp\/v2\/posts\/41999\/revisions\/42000"}],"wp:attachment":[{"href":"https:\/\/blogs.elcomercio.es\/reflexiones-de-belarmino\/wp-json\/wp\/v2\/media?parent=41999"}],"wp:term":[{"taxonomy":"category","embeddable":true,"href":"https:\/\/blogs.elcomercio.es\/reflexiones-de-belarmino\/wp-json\/wp\/v2\/categories?post=41999"},{"taxonomy":"post_tag","embeddable":true,"href":"https:\/\/blogs.elcomercio.es\/reflexiones-de-belarmino\/wp-json\/wp\/v2\/tags?post=41999"}],"curies":[{"name":"wp","href":"https:\/\/api.w.org\/{rel}","templated":true}]}}