{"id":42300,"date":"2025-04-01T12:07:25","date_gmt":"2025-04-01T10:07:25","guid":{"rendered":"https:\/\/blogs.elcomercio.es\/reflexiones-de-belarmino\/?p=42300"},"modified":"2025-04-01T12:07:25","modified_gmt":"2025-04-01T10:07:25","slug":"kristi-noem-secretaria-de-seguridad-de-ee-uu-en-fox-muy-buena-reunion-con-la-presidenta-sheinbaum-de-mas-de-dos-horas-el-presidente-quiere-menos-palabras-y-mas-a","status":"publish","type":"post","link":"https:\/\/blogs.elcomercio.es\/reflexiones-de-belarmino\/2025\/04\/01\/kristi-noem-secretaria-de-seguridad-de-ee-uu-en-fox-muy-buena-reunion-con-la-presidenta-sheinbaum-de-mas-de-dos-horas-el-presidente-quiere-menos-palabras-y-mas-a\/","title":{"rendered":"\u00a1\u00a1\u00a1\u00a1\u00a1KRISTI NOEM, SECRETARIA DE SEGURIDAD DE EE.UU, EN FOX. &#8220;MUY BUENA REUNI\u00d3N CON LA PRESIDENTA SHEINBAUM DE MAS DE DOS HORAS&#8221;.&#8221;EL PRESIDENTE QUIERE MENOS PALABRAS Y MAS ACCI\u00d3N. ELLA ESTA TRABAJANDO CON IDEA CLARAS !!!!"},"content":{"rendered":"\n<p>En buen momento, la Secretaraia de Seguridad de los Estados Unidos Kristi Noem, a quienes hemos visto vestida de 10 formas, seg\u00fan las acciones &#8220;que ella encabeza&#8221; en defensa de Estados Unidos, ha declarado a FOX.<\/p>\n\n\n\n<p>Vestida, sin disfraces, en Palacio Nacional, lo que ibaa a ser una reuni\u00f3n de 30 minutos, se alarg\u00f3 a las 2 horas. &#8221; Al presidente Trump no le interesa lo que se piensa. Quiere acci\u00f3n, y es sorprendente la acci\u00f3n y claridad de ideas de la presidenta Sheinbaum. Informar\u00e9 al presidente Trump, cara a los aranceles &#8220;.<\/p>\n\n\n\n<p>&#8220;Falta por hacer, pero se avanza muy bien&#8221;.<\/p>\n<!-- AddThis Advanced Settings generic via filter on the_content --><!-- AddThis Share Buttons generic via filter on the_content -->","protected":false},"excerpt":{"rendered":"<p>En buen momento, la Secretaraia de Seguridad de los Estados Unidos Kristi Noem, a quienes hemos visto vestida de 10 formas, seg\u00fan las acciones &#8220;que ella encabeza&#8221; en defensa de Estados Unidos, ha declarado a FOX. Vestida, sin disfraces, en Palacio Nacional, lo que ibaa a ser una reuni\u00f3n de 30 minutos, se alarg\u00f3 a [&hellip;]<!-- AddThis Advanced Settings generic via filter on get_the_excerpt --><!-- AddThis Share Buttons generic via filter on get_the_excerpt --><\/p>\n","protected":false},"author":16,"featured_media":0,"comment_status":"open","ping_status":"closed","sticky":false,"template":"","format":"standard","meta":[],"categories":[1],"tags":[],"_links":{"self":[{"href":"https:\/\/blogs.elcomercio.es\/reflexiones-de-belarmino\/wp-json\/wp\/v2\/posts\/42300"}],"collection":[{"href":"https:\/\/blogs.elcomercio.es\/reflexiones-de-belarmino\/wp-json\/wp\/v2\/posts"}],"about":[{"href":"https:\/\/blogs.elcomercio.es\/reflexiones-de-belarmino\/wp-json\/wp\/v2\/types\/post"}],"author":[{"embeddable":true,"href":"https:\/\/blogs.elcomercio.es\/reflexiones-de-belarmino\/wp-json\/wp\/v2\/users\/16"}],"replies":[{"embeddable":true,"href":"https:\/\/blogs.elcomercio.es\/reflexiones-de-belarmino\/wp-json\/wp\/v2\/comments?post=42300"}],"version-history":[{"count":1,"href":"https:\/\/blogs.elcomercio.es\/reflexiones-de-belarmino\/wp-json\/wp\/v2\/posts\/42300\/revisions"}],"predecessor-version":[{"id":42301,"href":"https:\/\/blogs.elcomercio.es\/reflexiones-de-belarmino\/wp-json\/wp\/v2\/posts\/42300\/revisions\/42301"}],"wp:attachment":[{"href":"https:\/\/blogs.elcomercio.es\/reflexiones-de-belarmino\/wp-json\/wp\/v2\/media?parent=42300"}],"wp:term":[{"taxonomy":"category","embeddable":true,"href":"https:\/\/blogs.elcomercio.es\/reflexiones-de-belarmino\/wp-json\/wp\/v2\/categories?post=42300"},{"taxonomy":"post_tag","embeddable":true,"href":"https:\/\/blogs.elcomercio.es\/reflexiones-de-belarmino\/wp-json\/wp\/v2\/tags?post=42300"}],"curies":[{"name":"wp","href":"https:\/\/api.w.org\/{rel}","templated":true}]}}