{"id":42306,"date":"2025-04-01T17:33:16","date_gmt":"2025-04-01T15:33:16","guid":{"rendered":"https:\/\/blogs.elcomercio.es\/reflexiones-de-belarmino\/?p=42306"},"modified":"2025-04-01T17:33:16","modified_gmt":"2025-04-01T15:33:16","slug":"el-acercamiento-entre-trump-y-putin-resucita-el-interes-de-alemania-por-el-gasoducto-nord-stream-que-permite-recibir-el-gas-ruso-en-alemania","status":"publish","type":"post","link":"https:\/\/blogs.elcomercio.es\/reflexiones-de-belarmino\/2025\/04\/01\/el-acercamiento-entre-trump-y-putin-resucita-el-interes-de-alemania-por-el-gasoducto-nord-stream-que-permite-recibir-el-gas-ruso-en-alemania\/","title":{"rendered":"\u00a1\u00a1\u00a1\u00a1EL ACERCAMIENTO ENTRE TRUMP Y PUTIN RESUCITA EL INTERES DE ALEMANIA POR EL GASODUCTO NORD STREAM, QUE PERMITE RECIBIR EL GAS RUSO EN ALEMANIA !!!"},"content":{"rendered":"\n<p>Aquel gasoducto que se cerr\u00f3 hace 3 a\u00f1os, que era la clave para que a trav\u00e9s de Alemania se recibiese el gas ruso en Europa, , que fue dinamitado y cerrado, ha resucitado el inter\u00e9s de lo que es la locomotora de Europa, ahora que las relaciones entre EE:UU y Rusia se han abierto.<\/p>\n<!-- AddThis Advanced Settings generic via filter on the_content --><!-- AddThis Share Buttons generic via filter on the_content -->","protected":false},"excerpt":{"rendered":"<p>Aquel gasoducto que se cerr\u00f3 hace 3 a\u00f1os, que era la clave para que a trav\u00e9s de Alemania se recibiese el gas ruso en Europa, , que fue dinamitado y cerrado, ha resucitado el inter\u00e9s de lo que es la locomotora de Europa, ahora que las relaciones entre EE:UU y Rusia se han abierto.<!-- AddThis Advanced Settings generic via filter on get_the_excerpt --><!-- AddThis Share Buttons generic via filter on get_the_excerpt --><\/p>\n","protected":false},"author":16,"featured_media":0,"comment_status":"open","ping_status":"closed","sticky":false,"template":"","format":"standard","meta":[],"categories":[1],"tags":[],"_links":{"self":[{"href":"https:\/\/blogs.elcomercio.es\/reflexiones-de-belarmino\/wp-json\/wp\/v2\/posts\/42306"}],"collection":[{"href":"https:\/\/blogs.elcomercio.es\/reflexiones-de-belarmino\/wp-json\/wp\/v2\/posts"}],"about":[{"href":"https:\/\/blogs.elcomercio.es\/reflexiones-de-belarmino\/wp-json\/wp\/v2\/types\/post"}],"author":[{"embeddable":true,"href":"https:\/\/blogs.elcomercio.es\/reflexiones-de-belarmino\/wp-json\/wp\/v2\/users\/16"}],"replies":[{"embeddable":true,"href":"https:\/\/blogs.elcomercio.es\/reflexiones-de-belarmino\/wp-json\/wp\/v2\/comments?post=42306"}],"version-history":[{"count":1,"href":"https:\/\/blogs.elcomercio.es\/reflexiones-de-belarmino\/wp-json\/wp\/v2\/posts\/42306\/revisions"}],"predecessor-version":[{"id":42307,"href":"https:\/\/blogs.elcomercio.es\/reflexiones-de-belarmino\/wp-json\/wp\/v2\/posts\/42306\/revisions\/42307"}],"wp:attachment":[{"href":"https:\/\/blogs.elcomercio.es\/reflexiones-de-belarmino\/wp-json\/wp\/v2\/media?parent=42306"}],"wp:term":[{"taxonomy":"category","embeddable":true,"href":"https:\/\/blogs.elcomercio.es\/reflexiones-de-belarmino\/wp-json\/wp\/v2\/categories?post=42306"},{"taxonomy":"post_tag","embeddable":true,"href":"https:\/\/blogs.elcomercio.es\/reflexiones-de-belarmino\/wp-json\/wp\/v2\/tags?post=42306"}],"curies":[{"name":"wp","href":"https:\/\/api.w.org\/{rel}","templated":true}]}}