{"id":42308,"date":"2025-04-01T18:14:53","date_gmt":"2025-04-01T16:14:53","guid":{"rendered":"https:\/\/blogs.elcomercio.es\/reflexiones-de-belarmino\/?p=42308"},"modified":"2025-04-01T18:14:54","modified_gmt":"2025-04-01T16:14:54","slug":"belarmino-moria-a-los-58-anos-10000-kms-de-asturiasde-un-infarto-y-sus-pulmones-llenos-de-grisu-recordaba","status":"publish","type":"post","link":"https:\/\/blogs.elcomercio.es\/reflexiones-de-belarmino\/2025\/04\/01\/belarmino-moria-a-los-58-anos-10000-kms-de-asturiasde-un-infarto-y-sus-pulmones-llenos-de-grisu-recordaba\/","title":{"rendered":"\u00a1\u00a1\u00a1\u00a1\u00a1BELARMINO MOR\u00cdA A  LOS 58 A\u00d1OS, 10,000 KMS DE ASTURIAS,DE UN INFARTO Y SUS PULMONES LLENOS DE GRISU, RECORDABA&#8221;"},"content":{"rendered":"\n<p>&#8221; Lo peor que le puede pasar a un minero es pasar por el gris\u00fa&#8221;, dec\u00eda hoy un minero en Dega\u00f1a, donde la trizteza envolvi\u00f3 no s\u00f3lo al pueblo, no s\u00f3lo a la regi\u00f3n, sino a toda Asturias.Me vino a la memor\u00eda aquel 1950, donde aquel chaval que hab\u00eda entrado a la mina a los 8 a\u00f1os, &#8220;el guaje&#8221; de Manuel Llaneza en la fundaci\u00f3n del SOMA, en los Altos de San Emiliano entree Mieres y Sama en 1910, a los 15 a\u00f1os miembro del Partido Socialista OBrero Espa\u00f1ol,  Belarmino Tom\u00e1s, y luego luchar\u00eda en su tierra contra el franquismo, exiliado en M\u00e9xico, habiendo recorrido 8 paises de Am\u00e9rica Latina dando conferencias sobre el sindicalismo espa\u00f1ol, antes que,derrumbado por un infarto, con sus pulmones llenos de gris\u00fa, fallec\u00eda aquel 14 de septiembre de 1950 en la ciudad de M\u00e9xico. Orgullo, en 1984, haber incinerado suss restsos y los de su inseparable Severina, y traerlos en una cajita encima de mis piernas cruzando el Atl\u00e1ntico donde,con miles de mineros acompa\u00f1andolo, fu\u00e9 sepultado en el cementerio de El Pando, ante una lluvia torrencial que nos parec\u00eda agua bendita, el canto de la Internacional y su cajita, no necesitaron tierra en la tumba, sepultada entre rosas y claves rojos.<\/p>\n\n\n\n<p>All\u00ed yace en el olvido&#8230;&#8230;&#8230;<\/p>\n<!-- AddThis Advanced Settings generic via filter on the_content --><!-- AddThis Share Buttons generic via filter on the_content -->","protected":false},"excerpt":{"rendered":"<p>&#8221; Lo peor que le puede pasar a un minero es pasar por el gris\u00fa&#8221;, dec\u00eda hoy un minero en Dega\u00f1a, donde la trizteza envolvi\u00f3 no s\u00f3lo al pueblo, no s\u00f3lo a la regi\u00f3n, sino a toda Asturias.Me vino a la memor\u00eda aquel 1950, donde aquel chaval que hab\u00eda entrado a la mina a los [&hellip;]<!-- AddThis Advanced Settings generic via filter on get_the_excerpt --><!-- AddThis Share Buttons generic via filter on get_the_excerpt --><\/p>\n","protected":false},"author":16,"featured_media":0,"comment_status":"open","ping_status":"closed","sticky":false,"template":"","format":"standard","meta":[],"categories":[1],"tags":[],"_links":{"self":[{"href":"https:\/\/blogs.elcomercio.es\/reflexiones-de-belarmino\/wp-json\/wp\/v2\/posts\/42308"}],"collection":[{"href":"https:\/\/blogs.elcomercio.es\/reflexiones-de-belarmino\/wp-json\/wp\/v2\/posts"}],"about":[{"href":"https:\/\/blogs.elcomercio.es\/reflexiones-de-belarmino\/wp-json\/wp\/v2\/types\/post"}],"author":[{"embeddable":true,"href":"https:\/\/blogs.elcomercio.es\/reflexiones-de-belarmino\/wp-json\/wp\/v2\/users\/16"}],"replies":[{"embeddable":true,"href":"https:\/\/blogs.elcomercio.es\/reflexiones-de-belarmino\/wp-json\/wp\/v2\/comments?post=42308"}],"version-history":[{"count":1,"href":"https:\/\/blogs.elcomercio.es\/reflexiones-de-belarmino\/wp-json\/wp\/v2\/posts\/42308\/revisions"}],"predecessor-version":[{"id":42309,"href":"https:\/\/blogs.elcomercio.es\/reflexiones-de-belarmino\/wp-json\/wp\/v2\/posts\/42308\/revisions\/42309"}],"wp:attachment":[{"href":"https:\/\/blogs.elcomercio.es\/reflexiones-de-belarmino\/wp-json\/wp\/v2\/media?parent=42308"}],"wp:term":[{"taxonomy":"category","embeddable":true,"href":"https:\/\/blogs.elcomercio.es\/reflexiones-de-belarmino\/wp-json\/wp\/v2\/categories?post=42308"},{"taxonomy":"post_tag","embeddable":true,"href":"https:\/\/blogs.elcomercio.es\/reflexiones-de-belarmino\/wp-json\/wp\/v2\/tags?post=42308"}],"curies":[{"name":"wp","href":"https:\/\/api.w.org\/{rel}","templated":true}]}}