{"id":42394,"date":"2025-04-07T14:05:56","date_gmt":"2025-04-07T12:05:56","guid":{"rendered":"https:\/\/blogs.elcomercio.es\/reflexiones-de-belarmino\/?p=42394"},"modified":"2025-04-07T14:05:57","modified_gmt":"2025-04-07T12:05:57","slug":"zapatero-referente-del-socialismo-historico-los-aranceles-de-trump-aceleraran-el-declive-del-imperio-norteamericano","status":"publish","type":"post","link":"https:\/\/blogs.elcomercio.es\/reflexiones-de-belarmino\/2025\/04\/07\/zapatero-referente-del-socialismo-historico-los-aranceles-de-trump-aceleraran-el-declive-del-imperio-norteamericano\/","title":{"rendered":"\u00a1\u00a1\u00a1\u00a1\u00a1ZAPATERO, REFERENTE DEL SOCIALISMO HISTORICO :&#8221;LOS ARANCELES DE TRUMP ACELERAR\u00c1N EL DECLIVE DEL IMPERIO NORTEAMERICANO &#8220;!!!!"},"content":{"rendered":"\n<p>Si hay un politico, referente de la sencillez, capacidad y entrega del partido fundado hace 149 al\u00f1os por Pablo Iglesias en la madrile\u00f1a calle de Tet\u00fan y en 1,588 de Barcelona, la Uni\u00f3n General de Trabajadores, para quien un socialista m\u00e1s, de los sin nombre, como el autor, respeta es a Jos\u00e9 Luis Rodr\u00edguez Zapatero.Ayer, el hombre clave para las relaciones entre China y Espa\u00f1a, dijo: LOS ARANCELES DE TRUMP ACELERAR\u00c1N EL DECLIVE DEL IMPERIO AMERICANO..<\/p>\n<!-- AddThis Advanced Settings generic via filter on the_content --><!-- AddThis Share Buttons generic via filter on the_content -->","protected":false},"excerpt":{"rendered":"<p>Si hay un politico, referente de la sencillez, capacidad y entrega del partido fundado hace 149 al\u00f1os por Pablo Iglesias en la madrile\u00f1a calle de Tet\u00fan y en 1,588 de Barcelona, la Uni\u00f3n General de Trabajadores, para quien un socialista m\u00e1s, de los sin nombre, como el autor, respeta es a Jos\u00e9 Luis Rodr\u00edguez Zapatero.Ayer, [&hellip;]<!-- AddThis Advanced Settings generic via filter on get_the_excerpt --><!-- AddThis Share Buttons generic via filter on get_the_excerpt --><\/p>\n","protected":false},"author":16,"featured_media":0,"comment_status":"open","ping_status":"closed","sticky":false,"template":"","format":"standard","meta":[],"categories":[1],"tags":[],"_links":{"self":[{"href":"https:\/\/blogs.elcomercio.es\/reflexiones-de-belarmino\/wp-json\/wp\/v2\/posts\/42394"}],"collection":[{"href":"https:\/\/blogs.elcomercio.es\/reflexiones-de-belarmino\/wp-json\/wp\/v2\/posts"}],"about":[{"href":"https:\/\/blogs.elcomercio.es\/reflexiones-de-belarmino\/wp-json\/wp\/v2\/types\/post"}],"author":[{"embeddable":true,"href":"https:\/\/blogs.elcomercio.es\/reflexiones-de-belarmino\/wp-json\/wp\/v2\/users\/16"}],"replies":[{"embeddable":true,"href":"https:\/\/blogs.elcomercio.es\/reflexiones-de-belarmino\/wp-json\/wp\/v2\/comments?post=42394"}],"version-history":[{"count":1,"href":"https:\/\/blogs.elcomercio.es\/reflexiones-de-belarmino\/wp-json\/wp\/v2\/posts\/42394\/revisions"}],"predecessor-version":[{"id":42395,"href":"https:\/\/blogs.elcomercio.es\/reflexiones-de-belarmino\/wp-json\/wp\/v2\/posts\/42394\/revisions\/42395"}],"wp:attachment":[{"href":"https:\/\/blogs.elcomercio.es\/reflexiones-de-belarmino\/wp-json\/wp\/v2\/media?parent=42394"}],"wp:term":[{"taxonomy":"category","embeddable":true,"href":"https:\/\/blogs.elcomercio.es\/reflexiones-de-belarmino\/wp-json\/wp\/v2\/categories?post=42394"},{"taxonomy":"post_tag","embeddable":true,"href":"https:\/\/blogs.elcomercio.es\/reflexiones-de-belarmino\/wp-json\/wp\/v2\/tags?post=42394"}],"curies":[{"name":"wp","href":"https:\/\/api.w.org\/{rel}","templated":true}]}}