{"id":42396,"date":"2025-04-07T17:32:02","date_gmt":"2025-04-07T15:32:02","guid":{"rendered":"https:\/\/blogs.elcomercio.es\/reflexiones-de-belarmino\/?p=42396"},"modified":"2025-04-07T17:32:03","modified_gmt":"2025-04-07T15:32:03","slug":"la-recesion-de-ee-uu-hacia-la-que-nos-encaminamos-seria-mundial","status":"publish","type":"post","link":"https:\/\/blogs.elcomercio.es\/reflexiones-de-belarmino\/2025\/04\/07\/la-recesion-de-ee-uu-hacia-la-que-nos-encaminamos-seria-mundial\/","title":{"rendered":"\u00a1\u00a1\u00a1\u00a1\u00a1\u00a1LA RECESI\u00d3N DE EE.UU., HACIA LA QUE NOS ENCAMINAMOS, SER\u00cdA MUNDIAL !!!"},"content":{"rendered":"\n<p>Cuanndo Morgan &amp; Stanley y Goldman Saachs lo diceN, hay mucho  de realidad. La posibilidad de una recesi\u00f3n en EE:UU, aumenta, con  la debacle de las bolsas.Morgan amplia del 40 al 69 % la posibilidad y Goldman la eleva al 40 %. La recesi\u00f3n en Estados Unidos nos llevar\u00eda a una recesi\u00f3nn mundial.<\/p>\n<!-- AddThis Advanced Settings generic via filter on the_content --><!-- AddThis Share Buttons generic via filter on the_content -->","protected":false},"excerpt":{"rendered":"<p>Cuanndo Morgan &amp; Stanley y Goldman Saachs lo diceN, hay mucho de realidad. La posibilidad de una recesi\u00f3n en EE:UU, aumenta, con la debacle de las bolsas.Morgan amplia del 40 al 69 % la posibilidad y Goldman la eleva al 40 %. La recesi\u00f3n en Estados Unidos nos llevar\u00eda a una recesi\u00f3nn mundial.<!-- AddThis Advanced Settings generic via filter on get_the_excerpt --><!-- AddThis Share Buttons generic via filter on get_the_excerpt --><\/p>\n","protected":false},"author":16,"featured_media":0,"comment_status":"open","ping_status":"closed","sticky":false,"template":"","format":"standard","meta":[],"categories":[1],"tags":[],"_links":{"self":[{"href":"https:\/\/blogs.elcomercio.es\/reflexiones-de-belarmino\/wp-json\/wp\/v2\/posts\/42396"}],"collection":[{"href":"https:\/\/blogs.elcomercio.es\/reflexiones-de-belarmino\/wp-json\/wp\/v2\/posts"}],"about":[{"href":"https:\/\/blogs.elcomercio.es\/reflexiones-de-belarmino\/wp-json\/wp\/v2\/types\/post"}],"author":[{"embeddable":true,"href":"https:\/\/blogs.elcomercio.es\/reflexiones-de-belarmino\/wp-json\/wp\/v2\/users\/16"}],"replies":[{"embeddable":true,"href":"https:\/\/blogs.elcomercio.es\/reflexiones-de-belarmino\/wp-json\/wp\/v2\/comments?post=42396"}],"version-history":[{"count":1,"href":"https:\/\/blogs.elcomercio.es\/reflexiones-de-belarmino\/wp-json\/wp\/v2\/posts\/42396\/revisions"}],"predecessor-version":[{"id":42397,"href":"https:\/\/blogs.elcomercio.es\/reflexiones-de-belarmino\/wp-json\/wp\/v2\/posts\/42396\/revisions\/42397"}],"wp:attachment":[{"href":"https:\/\/blogs.elcomercio.es\/reflexiones-de-belarmino\/wp-json\/wp\/v2\/media?parent=42396"}],"wp:term":[{"taxonomy":"category","embeddable":true,"href":"https:\/\/blogs.elcomercio.es\/reflexiones-de-belarmino\/wp-json\/wp\/v2\/categories?post=42396"},{"taxonomy":"post_tag","embeddable":true,"href":"https:\/\/blogs.elcomercio.es\/reflexiones-de-belarmino\/wp-json\/wp\/v2\/tags?post=42396"}],"curies":[{"name":"wp","href":"https:\/\/api.w.org\/{rel}","templated":true}]}}