{"id":42401,"date":"2025-04-07T19:17:32","date_gmt":"2025-04-07T17:17:32","guid":{"rendered":"https:\/\/blogs.elcomercio.es\/reflexiones-de-belarmino\/?p=42401"},"modified":"2025-04-07T19:17:32","modified_gmt":"2025-04-07T17:17:32","slug":"mananera-20-anos-desafuero-lopez-obrador-y-concursomexico-canta-y-encanta-concurso-musical-mexicanos-en-ee-uu-y-en-el-pais-para-profesionalizar-la-cultura-d","status":"publish","type":"post","link":"https:\/\/blogs.elcomercio.es\/reflexiones-de-belarmino\/2025\/04\/07\/mananera-20-anos-desafuero-lopez-obrador-y-concursomexico-canta-y-encanta-concurso-musical-mexicanos-en-ee-uu-y-en-el-pais-para-profesionalizar-la-cultura-d\/","title":{"rendered":"\u00a1\u00a1\u00a1\u00a1\u00a1\u00a1MA\u00d1ANERA.- 20 A\u00d1OS DESAFUERO LOPEZ OBRADOR Y CONCURSO&#8221;MEXICO CANTA Y ENCANTA&#8221; CONCURSO MUSICAL MEXICANOS EN EE.UU Y EN EL PAIS, PARA PROFESIONALIZAR  LA CULTURA DEL PAIS !!!"},"content":{"rendered":"\n<p>Hoy,dos decenas de artistas y productores de origen mexicanao viviendo en los Estados Unidos, a petici\u00f3n de la presidenta, se reunieron en Palacio Nacional, en La Ma\u00f1anera, para promover el primeer concurso musical con chicanos y mexicanos, que impulsar\u00e1 profesionalamente a los ganadores. La cultura del pa\u00eds, a ambos lados de la frontera impulsar\u00e1 la cultura nacional.<\/p>\n\n\n\n<p>Hoy mismo se presento un video sobre el DESAFUERO DE LOPEZ OBRADOR HACE 20 A\u00d1OS..<\/p>\n\n\n\n<p>La historia de la oligarquia contra un pueblo y su lider natural.<\/p>\n\n\n\n<p>Una vez que Feleipe Gonzalez ayudo a Zedillo a hacer caer al PRI y di\u00f3 entrada al PAN de Vicente Fox, aquella oliogarqu\u00eda panista trat\u00f3 de frenar a Andr\u00e9s Manuel y lo desafor\u00f3.El tabasque\u00f1o no se dej\u00f3, y se declar\u00f3, como Juarez, en rebeldia. El Z\u00f3calo y Paseo de la Reforma se llen\u00f3 de gente, y en aquella gran manifestaci\u00f3n donde estuvimos, el autor, que no conf\u00eda en las cifras de los diaraios, recuerda tras caminar, correr contando en decenas de miles a los asistentes, Dos millones y medio de mujeres y hombres realizaron tal manifetaci\u00f3n que obligaron al Vicente Fox a no meterlo en la carcel. Entre los millones iba Claudia Sheinbaum.<\/p>\n\n\n\n<p>A finales de su mandato, como hemos comementado, se presentaron tres hombre, dirigidos por Roberto Hernandez, el segundo mas rico de M\u00e9xico, en 2005, y en la noche le di\u00f3 el Manotazo en el escritorio del presidente FOX: &#8221; Pendejo, te opusimos aqu\u00ed para poder privatizar la energ\u00eda, y no lograste. Ahora s\u00f3lo te pedimos que NO LLEGUE LOPEZ OBRADOR.<\/p>\n\n\n\n<p>En 2006, Calder\u00f3n, con la ayuda de Aznar y Bush, con la amenaza de que Andr\u00e9s Manuel era el &#8220;Chavez &#8220;mexicano&#8221;, y vino el segundo fraude(el 1 en 1985 con Cuauhtemoc C\u00e1rdenas) que calde\u00f3 de tal forma al pueblo que 12 a\u00f1os despu\u00e9s, a punto de ser con Pe\u00f1a Nieto un &#8220;estado fallido&#8221;, en unas elecciones, en 10 horas, el pueblo mexicano hizo LA REVOLUCION PACIFICA, que contin\u00faa ahora con la Presidenta Sheinbaum, que hoy pas\u00f3 el video ante los 100 periodistas de La Ma\u00f1anera.<\/p>\n<!-- AddThis Advanced Settings generic via filter on the_content --><!-- AddThis Share Buttons generic via filter on the_content -->","protected":false},"excerpt":{"rendered":"<p>Hoy,dos decenas de artistas y productores de origen mexicanao viviendo en los Estados Unidos, a petici\u00f3n de la presidenta, se reunieron en Palacio Nacional, en La Ma\u00f1anera, para promover el primeer concurso musical con chicanos y mexicanos, que impulsar\u00e1 profesionalamente a los ganadores. La cultura del pa\u00eds, a ambos lados de la frontera impulsar\u00e1 la [&hellip;]<!-- AddThis Advanced Settings generic via filter on get_the_excerpt --><!-- AddThis Share Buttons generic via filter on get_the_excerpt --><\/p>\n","protected":false},"author":16,"featured_media":0,"comment_status":"open","ping_status":"closed","sticky":false,"template":"","format":"standard","meta":[],"categories":[1],"tags":[],"_links":{"self":[{"href":"https:\/\/blogs.elcomercio.es\/reflexiones-de-belarmino\/wp-json\/wp\/v2\/posts\/42401"}],"collection":[{"href":"https:\/\/blogs.elcomercio.es\/reflexiones-de-belarmino\/wp-json\/wp\/v2\/posts"}],"about":[{"href":"https:\/\/blogs.elcomercio.es\/reflexiones-de-belarmino\/wp-json\/wp\/v2\/types\/post"}],"author":[{"embeddable":true,"href":"https:\/\/blogs.elcomercio.es\/reflexiones-de-belarmino\/wp-json\/wp\/v2\/users\/16"}],"replies":[{"embeddable":true,"href":"https:\/\/blogs.elcomercio.es\/reflexiones-de-belarmino\/wp-json\/wp\/v2\/comments?post=42401"}],"version-history":[{"count":1,"href":"https:\/\/blogs.elcomercio.es\/reflexiones-de-belarmino\/wp-json\/wp\/v2\/posts\/42401\/revisions"}],"predecessor-version":[{"id":42402,"href":"https:\/\/blogs.elcomercio.es\/reflexiones-de-belarmino\/wp-json\/wp\/v2\/posts\/42401\/revisions\/42402"}],"wp:attachment":[{"href":"https:\/\/blogs.elcomercio.es\/reflexiones-de-belarmino\/wp-json\/wp\/v2\/media?parent=42401"}],"wp:term":[{"taxonomy":"category","embeddable":true,"href":"https:\/\/blogs.elcomercio.es\/reflexiones-de-belarmino\/wp-json\/wp\/v2\/categories?post=42401"},{"taxonomy":"post_tag","embeddable":true,"href":"https:\/\/blogs.elcomercio.es\/reflexiones-de-belarmino\/wp-json\/wp\/v2\/tags?post=42401"}],"curies":[{"name":"wp","href":"https:\/\/api.w.org\/{rel}","templated":true}]}}