{"id":42403,"date":"2025-04-07T19:27:07","date_gmt":"2025-04-07T17:27:07","guid":{"rendered":"https:\/\/blogs.elcomercio.es\/reflexiones-de-belarmino\/?p=42403"},"modified":"2025-04-07T19:27:07","modified_gmt":"2025-04-07T17:27:07","slug":"sheinbaum-ayer-el-presidente-trump-subio-a-sus-redes-el-programa-que-le-enviamos-sobre-la-lucha-contra-el-fentanilo-y-las-adicciones","status":"publish","type":"post","link":"https:\/\/blogs.elcomercio.es\/reflexiones-de-belarmino\/2025\/04\/07\/sheinbaum-ayer-el-presidente-trump-subio-a-sus-redes-el-programa-que-le-enviamos-sobre-la-lucha-contra-el-fentanilo-y-las-adicciones\/","title":{"rendered":"\u00a1\u00a1\u00a1\u00a1\u00a1SHEINBAUM: &#8221; AYER EL PRESIDENTE TRUMP SUBIO A SUS REDES EL PROGRAMA QUE LE ENVIAMOS SOBRE LA LUCHA CONTRA EL FENTANILO Y LAS ADICCIONES!!!&#8221;"},"content":{"rendered":"\n<p>De sorpresa Donald Trump, trasmiti\u00f3 a trav\u00e9s de sus redes, el programa que, ya ejecuitandose en M\u00e9xico, le mando hace 15 d\u00edas la presidenta Sheinbaum: &#8220;LA PAZ Y LA LUCHA CONTRA LAS ADICCIONES &#8220;, La presidenta, no s\u00f3lo lo agradeci\u00f3, sino que se mostraba la buena sintonia con el presidente de EE:UU, pero que adem\u00e1s afianzaba la lucha contra el Fentanilo en Estados Unidos, y que con el alacance de las redes del presidente tuvo una difusi\u00f3n en los Estados Unidos de gran magnitud, Una forma de la politica de Mente Fria, Serenidad y Dialogo que ha mantenido la presidenta con Trump.<\/p>\n<!-- AddThis Advanced Settings generic via filter on the_content --><!-- AddThis Share Buttons generic via filter on the_content -->","protected":false},"excerpt":{"rendered":"<p>De sorpresa Donald Trump, trasmiti\u00f3 a trav\u00e9s de sus redes, el programa que, ya ejecuitandose en M\u00e9xico, le mando hace 15 d\u00edas la presidenta Sheinbaum: &#8220;LA PAZ Y LA LUCHA CONTRA LAS ADICCIONES &#8220;, La presidenta, no s\u00f3lo lo agradeci\u00f3, sino que se mostraba la buena sintonia con el presidente de EE:UU, pero que adem\u00e1s [&hellip;]<!-- AddThis Advanced Settings generic via filter on get_the_excerpt --><!-- AddThis Share Buttons generic via filter on get_the_excerpt --><\/p>\n","protected":false},"author":16,"featured_media":0,"comment_status":"open","ping_status":"closed","sticky":false,"template":"","format":"standard","meta":[],"categories":[1],"tags":[],"_links":{"self":[{"href":"https:\/\/blogs.elcomercio.es\/reflexiones-de-belarmino\/wp-json\/wp\/v2\/posts\/42403"}],"collection":[{"href":"https:\/\/blogs.elcomercio.es\/reflexiones-de-belarmino\/wp-json\/wp\/v2\/posts"}],"about":[{"href":"https:\/\/blogs.elcomercio.es\/reflexiones-de-belarmino\/wp-json\/wp\/v2\/types\/post"}],"author":[{"embeddable":true,"href":"https:\/\/blogs.elcomercio.es\/reflexiones-de-belarmino\/wp-json\/wp\/v2\/users\/16"}],"replies":[{"embeddable":true,"href":"https:\/\/blogs.elcomercio.es\/reflexiones-de-belarmino\/wp-json\/wp\/v2\/comments?post=42403"}],"version-history":[{"count":1,"href":"https:\/\/blogs.elcomercio.es\/reflexiones-de-belarmino\/wp-json\/wp\/v2\/posts\/42403\/revisions"}],"predecessor-version":[{"id":42404,"href":"https:\/\/blogs.elcomercio.es\/reflexiones-de-belarmino\/wp-json\/wp\/v2\/posts\/42403\/revisions\/42404"}],"wp:attachment":[{"href":"https:\/\/blogs.elcomercio.es\/reflexiones-de-belarmino\/wp-json\/wp\/v2\/media?parent=42403"}],"wp:term":[{"taxonomy":"category","embeddable":true,"href":"https:\/\/blogs.elcomercio.es\/reflexiones-de-belarmino\/wp-json\/wp\/v2\/categories?post=42403"},{"taxonomy":"post_tag","embeddable":true,"href":"https:\/\/blogs.elcomercio.es\/reflexiones-de-belarmino\/wp-json\/wp\/v2\/tags?post=42403"}],"curies":[{"name":"wp","href":"https:\/\/api.w.org\/{rel}","templated":true}]}}