{"id":42409,"date":"2025-04-08T11:52:29","date_gmt":"2025-04-08T09:52:29","guid":{"rendered":"https:\/\/blogs.elcomercio.es\/reflexiones-de-belarmino\/?p=42409"},"modified":"2025-04-08T11:52:30","modified_gmt":"2025-04-08T09:52:30","slug":"von-der-leyen-de-criticar-a-sanchez-por-su-viaje-a-chinano-se-puede-ir-por-la-libre-a-hablar-hoy-con-xi-jinping","status":"publish","type":"post","link":"https:\/\/blogs.elcomercio.es\/reflexiones-de-belarmino\/2025\/04\/08\/von-der-leyen-de-criticar-a-sanchez-por-su-viaje-a-chinano-se-puede-ir-por-la-libre-a-hablar-hoy-con-xi-jinping\/","title":{"rendered":"\u00a1\u00a1\u00a1\u00a1\u00a1VON DER LEYEN, DE CRITICAR A SANCHEZ POR SU VIAJE A CHINA(NO SE PUEDE IR POR LA LIBRE) A HABLAR HOY CON XI JINPING !!!!"},"content":{"rendered":"\n<p>Esa es la direecci\u00f3n de la Uni\u00f3n Europea.De la cr\u00edtica ayer a Pedro Sanchez por ir a China y Vietnam(nadie puede andar por la libre ), a la llamada de urgencia con Xi, tras el enfrentamiento con Trump.De las cuatro potencias, la Uni\u00f3n Europea la que peor se mueve. Con 27 paises, y sin lider, divididas, entre Macron y Alemania de enfrentar a Trump, y Pedro Sanchuez y la llamada de Ursula.<\/p>\n\n\n\n<p><\/p>\n<!-- AddThis Advanced Settings generic via filter on the_content --><!-- AddThis Share Buttons generic via filter on the_content -->","protected":false},"excerpt":{"rendered":"<p>Esa es la direecci\u00f3n de la Uni\u00f3n Europea.De la cr\u00edtica ayer a Pedro Sanchez por ir a China y Vietnam(nadie puede andar por la libre ), a la llamada de urgencia con Xi, tras el enfrentamiento con Trump.De las cuatro potencias, la Uni\u00f3n Europea la que peor se mueve. Con 27 paises, y sin lider, [&hellip;]<!-- AddThis Advanced Settings generic via filter on get_the_excerpt --><!-- AddThis Share Buttons generic via filter on get_the_excerpt --><\/p>\n","protected":false},"author":16,"featured_media":0,"comment_status":"open","ping_status":"closed","sticky":false,"template":"","format":"standard","meta":[],"categories":[1],"tags":[],"_links":{"self":[{"href":"https:\/\/blogs.elcomercio.es\/reflexiones-de-belarmino\/wp-json\/wp\/v2\/posts\/42409"}],"collection":[{"href":"https:\/\/blogs.elcomercio.es\/reflexiones-de-belarmino\/wp-json\/wp\/v2\/posts"}],"about":[{"href":"https:\/\/blogs.elcomercio.es\/reflexiones-de-belarmino\/wp-json\/wp\/v2\/types\/post"}],"author":[{"embeddable":true,"href":"https:\/\/blogs.elcomercio.es\/reflexiones-de-belarmino\/wp-json\/wp\/v2\/users\/16"}],"replies":[{"embeddable":true,"href":"https:\/\/blogs.elcomercio.es\/reflexiones-de-belarmino\/wp-json\/wp\/v2\/comments?post=42409"}],"version-history":[{"count":1,"href":"https:\/\/blogs.elcomercio.es\/reflexiones-de-belarmino\/wp-json\/wp\/v2\/posts\/42409\/revisions"}],"predecessor-version":[{"id":42410,"href":"https:\/\/blogs.elcomercio.es\/reflexiones-de-belarmino\/wp-json\/wp\/v2\/posts\/42409\/revisions\/42410"}],"wp:attachment":[{"href":"https:\/\/blogs.elcomercio.es\/reflexiones-de-belarmino\/wp-json\/wp\/v2\/media?parent=42409"}],"wp:term":[{"taxonomy":"category","embeddable":true,"href":"https:\/\/blogs.elcomercio.es\/reflexiones-de-belarmino\/wp-json\/wp\/v2\/categories?post=42409"},{"taxonomy":"post_tag","embeddable":true,"href":"https:\/\/blogs.elcomercio.es\/reflexiones-de-belarmino\/wp-json\/wp\/v2\/tags?post=42409"}],"curies":[{"name":"wp","href":"https:\/\/api.w.org\/{rel}","templated":true}]}}