{"id":42411,"date":"2025-04-08T11:56:54","date_gmt":"2025-04-08T09:56:54","guid":{"rendered":"https:\/\/blogs.elcomercio.es\/reflexiones-de-belarmino\/?p=42411"},"modified":"2025-04-08T11:56:54","modified_gmt":"2025-04-08T09:56:54","slug":"que-ni-lo-suene-iran-nunca-tendra-la-bomba-trump","status":"publish","type":"post","link":"https:\/\/blogs.elcomercio.es\/reflexiones-de-belarmino\/2025\/04\/08\/que-ni-lo-suene-iran-nunca-tendra-la-bomba-trump\/","title":{"rendered":"\u00a1\u00a1\u00a1\u00a1\u00a1&#8221;QUE NI LO SUE\u00d1E: IRAN NUNCA TENDR\u00c1 LA BOMBA &#8220;:TRUMP !!!"},"content":{"rendered":"\n<p>Si alguin lo dudaba, en la busqueda del GRAN ISRAEL biblico del Nilo al Eufrates, Israel ir\u00e1 hasta el final y el \u00fanico que se lo podr\u00eda impedir es que Iran tenga la Bomba, Trump, ayer lo dej\u00f3 claro: &#8220;QUE NI LO SUE\u00d1E. IRAN NUNCA TENDR\u00c1 LA BOMBA &#8220;.<\/p>\n<!-- AddThis Advanced Settings generic via filter on the_content --><!-- AddThis Share Buttons generic via filter on the_content -->","protected":false},"excerpt":{"rendered":"<p>Si alguin lo dudaba, en la busqueda del GRAN ISRAEL biblico del Nilo al Eufrates, Israel ir\u00e1 hasta el final y el \u00fanico que se lo podr\u00eda impedir es que Iran tenga la Bomba, Trump, ayer lo dej\u00f3 claro: &#8220;QUE NI LO SUE\u00d1E. IRAN NUNCA TENDR\u00c1 LA BOMBA &#8220;.<!-- AddThis Advanced Settings generic via filter on get_the_excerpt --><!-- AddThis Share Buttons generic via filter on get_the_excerpt --><\/p>\n","protected":false},"author":16,"featured_media":0,"comment_status":"open","ping_status":"closed","sticky":false,"template":"","format":"standard","meta":[],"categories":[1],"tags":[],"_links":{"self":[{"href":"https:\/\/blogs.elcomercio.es\/reflexiones-de-belarmino\/wp-json\/wp\/v2\/posts\/42411"}],"collection":[{"href":"https:\/\/blogs.elcomercio.es\/reflexiones-de-belarmino\/wp-json\/wp\/v2\/posts"}],"about":[{"href":"https:\/\/blogs.elcomercio.es\/reflexiones-de-belarmino\/wp-json\/wp\/v2\/types\/post"}],"author":[{"embeddable":true,"href":"https:\/\/blogs.elcomercio.es\/reflexiones-de-belarmino\/wp-json\/wp\/v2\/users\/16"}],"replies":[{"embeddable":true,"href":"https:\/\/blogs.elcomercio.es\/reflexiones-de-belarmino\/wp-json\/wp\/v2\/comments?post=42411"}],"version-history":[{"count":1,"href":"https:\/\/blogs.elcomercio.es\/reflexiones-de-belarmino\/wp-json\/wp\/v2\/posts\/42411\/revisions"}],"predecessor-version":[{"id":42412,"href":"https:\/\/blogs.elcomercio.es\/reflexiones-de-belarmino\/wp-json\/wp\/v2\/posts\/42411\/revisions\/42412"}],"wp:attachment":[{"href":"https:\/\/blogs.elcomercio.es\/reflexiones-de-belarmino\/wp-json\/wp\/v2\/media?parent=42411"}],"wp:term":[{"taxonomy":"category","embeddable":true,"href":"https:\/\/blogs.elcomercio.es\/reflexiones-de-belarmino\/wp-json\/wp\/v2\/categories?post=42411"},{"taxonomy":"post_tag","embeddable":true,"href":"https:\/\/blogs.elcomercio.es\/reflexiones-de-belarmino\/wp-json\/wp\/v2\/tags?post=42411"}],"curies":[{"name":"wp","href":"https:\/\/api.w.org\/{rel}","templated":true}]}}