{"id":42417,"date":"2025-04-08T13:26:08","date_gmt":"2025-04-08T11:26:08","guid":{"rendered":"https:\/\/blogs.elcomercio.es\/reflexiones-de-belarmino\/?p=42417"},"modified":"2025-04-08T13:26:09","modified_gmt":"2025-04-08T11:26:09","slug":"pierde-elon-musk-en-tres-dias-600000-millones-de-dolares","status":"publish","type":"post","link":"https:\/\/blogs.elcomercio.es\/reflexiones-de-belarmino\/2025\/04\/08\/pierde-elon-musk-en-tres-dias-600000-millones-de-dolares\/","title":{"rendered":"\u00a1\u00a1\u00a1\u00a1\u00a1PIERDE ELON MUSK EN TRES DIAS, 600,000 MILLONES DE DOLARES !!!!"},"content":{"rendered":"\n<p>No s\u00f3lo lo van a echar del gobierno de EE:UU, con su moto sierra, donde dej\u00f3 m\u00e1s de 2 millones sin empleo y una clase politica que lo odia, sino que en estos d\u00edas HA PERDIDO 60,000 MILLONES DE DOLARES. Por ello, el cambio a favor de Europa. Mantenemos est\u00e1 en el punto de mira de m\u00e1s de uno que perdieron su trabajo en forma miserable y que algunos no tienen futuro.<\/p>\n<!-- AddThis Advanced Settings generic via filter on the_content --><!-- AddThis Share Buttons generic via filter on the_content -->","protected":false},"excerpt":{"rendered":"<p>No s\u00f3lo lo van a echar del gobierno de EE:UU, con su moto sierra, donde dej\u00f3 m\u00e1s de 2 millones sin empleo y una clase politica que lo odia, sino que en estos d\u00edas HA PERDIDO 60,000 MILLONES DE DOLARES. Por ello, el cambio a favor de Europa. Mantenemos est\u00e1 en el punto de mira [&hellip;]<!-- AddThis Advanced Settings generic via filter on get_the_excerpt --><!-- AddThis Share Buttons generic via filter on get_the_excerpt --><\/p>\n","protected":false},"author":16,"featured_media":0,"comment_status":"open","ping_status":"closed","sticky":false,"template":"","format":"standard","meta":[],"categories":[1],"tags":[],"_links":{"self":[{"href":"https:\/\/blogs.elcomercio.es\/reflexiones-de-belarmino\/wp-json\/wp\/v2\/posts\/42417"}],"collection":[{"href":"https:\/\/blogs.elcomercio.es\/reflexiones-de-belarmino\/wp-json\/wp\/v2\/posts"}],"about":[{"href":"https:\/\/blogs.elcomercio.es\/reflexiones-de-belarmino\/wp-json\/wp\/v2\/types\/post"}],"author":[{"embeddable":true,"href":"https:\/\/blogs.elcomercio.es\/reflexiones-de-belarmino\/wp-json\/wp\/v2\/users\/16"}],"replies":[{"embeddable":true,"href":"https:\/\/blogs.elcomercio.es\/reflexiones-de-belarmino\/wp-json\/wp\/v2\/comments?post=42417"}],"version-history":[{"count":1,"href":"https:\/\/blogs.elcomercio.es\/reflexiones-de-belarmino\/wp-json\/wp\/v2\/posts\/42417\/revisions"}],"predecessor-version":[{"id":42418,"href":"https:\/\/blogs.elcomercio.es\/reflexiones-de-belarmino\/wp-json\/wp\/v2\/posts\/42417\/revisions\/42418"}],"wp:attachment":[{"href":"https:\/\/blogs.elcomercio.es\/reflexiones-de-belarmino\/wp-json\/wp\/v2\/media?parent=42417"}],"wp:term":[{"taxonomy":"category","embeddable":true,"href":"https:\/\/blogs.elcomercio.es\/reflexiones-de-belarmino\/wp-json\/wp\/v2\/categories?post=42417"},{"taxonomy":"post_tag","embeddable":true,"href":"https:\/\/blogs.elcomercio.es\/reflexiones-de-belarmino\/wp-json\/wp\/v2\/tags?post=42417"}],"curies":[{"name":"wp","href":"https:\/\/api.w.org\/{rel}","templated":true}]}}