{"id":42419,"date":"2025-04-08T13:31:00","date_gmt":"2025-04-08T11:31:00","guid":{"rendered":"https:\/\/blogs.elcomercio.es\/reflexiones-de-belarmino\/?p=42419"},"modified":"2025-04-08T13:31:00","modified_gmt":"2025-04-08T11:31:00","slug":"inversores-del-ibex-35-han-perdido-hasta-hoy-88000-millones-de-euros-la-diferencia-entre-los-trabajadores-y-esa-elite-la-reflejaremos-en-semana-santa","status":"publish","type":"post","link":"https:\/\/blogs.elcomercio.es\/reflexiones-de-belarmino\/2025\/04\/08\/inversores-del-ibex-35-han-perdido-hasta-hoy-88000-millones-de-euros-la-diferencia-entre-los-trabajadores-y-esa-elite-la-reflejaremos-en-semana-santa\/","title":{"rendered":"\u00a1\u00a1\u00a1\u00a1\u00a1INVERSORES DEL IBEX 35 HAN PERDIDO, HASTA HOY, 88,000 MILLONES DE EUROS.LA DIFERENCIA ENTRE LOS TRABAJADORES Y ESA ELITE, LA REFLEJAREMOS EN SEMANA SANTA !!!"},"content":{"rendered":"\n<p>Mientras la crisis, quiz\u00e1s recesi\u00f3n llega al comun de los mortales, aquellos que especulan con los excedentes de los trabajadores que lees di\u00f3 ese capital, han perdido 88,000 millones de euros. La tranquilidad, amable letora o lector, de vivir de nuestro trabajo, nos permitir\u00e1 vivir la Semana Santa en forma diferente a aquella elite.<\/p>\n<!-- AddThis Advanced Settings generic via filter on the_content --><!-- AddThis Share Buttons generic via filter on the_content -->","protected":false},"excerpt":{"rendered":"<p>Mientras la crisis, quiz\u00e1s recesi\u00f3n llega al comun de los mortales, aquellos que especulan con los excedentes de los trabajadores que lees di\u00f3 ese capital, han perdido 88,000 millones de euros. La tranquilidad, amable letora o lector, de vivir de nuestro trabajo, nos permitir\u00e1 vivir la Semana Santa en forma diferente a aquella elite.<!-- AddThis Advanced Settings generic via filter on get_the_excerpt --><!-- AddThis Share Buttons generic via filter on get_the_excerpt --><\/p>\n","protected":false},"author":16,"featured_media":0,"comment_status":"open","ping_status":"closed","sticky":false,"template":"","format":"standard","meta":[],"categories":[1],"tags":[],"_links":{"self":[{"href":"https:\/\/blogs.elcomercio.es\/reflexiones-de-belarmino\/wp-json\/wp\/v2\/posts\/42419"}],"collection":[{"href":"https:\/\/blogs.elcomercio.es\/reflexiones-de-belarmino\/wp-json\/wp\/v2\/posts"}],"about":[{"href":"https:\/\/blogs.elcomercio.es\/reflexiones-de-belarmino\/wp-json\/wp\/v2\/types\/post"}],"author":[{"embeddable":true,"href":"https:\/\/blogs.elcomercio.es\/reflexiones-de-belarmino\/wp-json\/wp\/v2\/users\/16"}],"replies":[{"embeddable":true,"href":"https:\/\/blogs.elcomercio.es\/reflexiones-de-belarmino\/wp-json\/wp\/v2\/comments?post=42419"}],"version-history":[{"count":1,"href":"https:\/\/blogs.elcomercio.es\/reflexiones-de-belarmino\/wp-json\/wp\/v2\/posts\/42419\/revisions"}],"predecessor-version":[{"id":42420,"href":"https:\/\/blogs.elcomercio.es\/reflexiones-de-belarmino\/wp-json\/wp\/v2\/posts\/42419\/revisions\/42420"}],"wp:attachment":[{"href":"https:\/\/blogs.elcomercio.es\/reflexiones-de-belarmino\/wp-json\/wp\/v2\/media?parent=42419"}],"wp:term":[{"taxonomy":"category","embeddable":true,"href":"https:\/\/blogs.elcomercio.es\/reflexiones-de-belarmino\/wp-json\/wp\/v2\/categories?post=42419"},{"taxonomy":"post_tag","embeddable":true,"href":"https:\/\/blogs.elcomercio.es\/reflexiones-de-belarmino\/wp-json\/wp\/v2\/tags?post=42419"}],"curies":[{"name":"wp","href":"https:\/\/api.w.org\/{rel}","templated":true}]}}