{"id":42421,"date":"2025-04-08T13:38:48","date_gmt":"2025-04-08T11:38:48","guid":{"rendered":"https:\/\/blogs.elcomercio.es\/reflexiones-de-belarmino\/?p=42421"},"modified":"2025-04-08T13:38:48","modified_gmt":"2025-04-08T11:38:48","slug":"claudia-sheinbaum-dos-horas-manana-en-tegucigalpa-se-reune-con-lula-y-6-presidentes-progresistas-mas-de-america-latina","status":"publish","type":"post","link":"https:\/\/blogs.elcomercio.es\/reflexiones-de-belarmino\/2025\/04\/08\/claudia-sheinbaum-dos-horas-manana-en-tegucigalpa-se-reune-con-lula-y-6-presidentes-progresistas-mas-de-america-latina\/","title":{"rendered":"\u00a1\u00a1\u00a1\u00a1\u00a1CLAUDIA SHEINBAUM, DOS HORAS MA\u00d1ANA EN TEGUCIGALPA, SE REUNE CON LULA Y 6 PRESIDENTES PROGRESISTAS MAS DE AMERICA LATINA !!!"},"content":{"rendered":"\n<p> Dos horas tan solo  en Teguacigalpa, la presoidenta Claudia Sheinbaum, , s\u00f3lo estar\u00e1 en la Inaguraci\u00f3n y la primera plenaria, para poder llegar a La Ma\u00f1anera del jueves y seguir su trabajo diario.Estar\u00e1 con LULA y Petro, entre otros 6 ptresidentes progresistas de la Am\u00e9rica Latina en la CEPAL:<\/p>\n<!-- AddThis Advanced Settings generic via filter on the_content --><!-- AddThis Share Buttons generic via filter on the_content -->","protected":false},"excerpt":{"rendered":"<p>Dos horas tan solo en Teguacigalpa, la presoidenta Claudia Sheinbaum, , s\u00f3lo estar\u00e1 en la Inaguraci\u00f3n y la primera plenaria, para poder llegar a La Ma\u00f1anera del jueves y seguir su trabajo diario.Estar\u00e1 con LULA y Petro, entre otros 6 ptresidentes progresistas de la Am\u00e9rica Latina en la CEPAL:<!-- AddThis Advanced Settings generic via filter on get_the_excerpt --><!-- AddThis Share Buttons generic via filter on get_the_excerpt --><\/p>\n","protected":false},"author":16,"featured_media":0,"comment_status":"open","ping_status":"closed","sticky":false,"template":"","format":"standard","meta":[],"categories":[1],"tags":[],"_links":{"self":[{"href":"https:\/\/blogs.elcomercio.es\/reflexiones-de-belarmino\/wp-json\/wp\/v2\/posts\/42421"}],"collection":[{"href":"https:\/\/blogs.elcomercio.es\/reflexiones-de-belarmino\/wp-json\/wp\/v2\/posts"}],"about":[{"href":"https:\/\/blogs.elcomercio.es\/reflexiones-de-belarmino\/wp-json\/wp\/v2\/types\/post"}],"author":[{"embeddable":true,"href":"https:\/\/blogs.elcomercio.es\/reflexiones-de-belarmino\/wp-json\/wp\/v2\/users\/16"}],"replies":[{"embeddable":true,"href":"https:\/\/blogs.elcomercio.es\/reflexiones-de-belarmino\/wp-json\/wp\/v2\/comments?post=42421"}],"version-history":[{"count":1,"href":"https:\/\/blogs.elcomercio.es\/reflexiones-de-belarmino\/wp-json\/wp\/v2\/posts\/42421\/revisions"}],"predecessor-version":[{"id":42422,"href":"https:\/\/blogs.elcomercio.es\/reflexiones-de-belarmino\/wp-json\/wp\/v2\/posts\/42421\/revisions\/42422"}],"wp:attachment":[{"href":"https:\/\/blogs.elcomercio.es\/reflexiones-de-belarmino\/wp-json\/wp\/v2\/media?parent=42421"}],"wp:term":[{"taxonomy":"category","embeddable":true,"href":"https:\/\/blogs.elcomercio.es\/reflexiones-de-belarmino\/wp-json\/wp\/v2\/categories?post=42421"},{"taxonomy":"post_tag","embeddable":true,"href":"https:\/\/blogs.elcomercio.es\/reflexiones-de-belarmino\/wp-json\/wp\/v2\/tags?post=42421"}],"curies":[{"name":"wp","href":"https:\/\/api.w.org\/{rel}","templated":true}]}}