{"id":42429,"date":"2025-04-09T14:33:10","date_gmt":"2025-04-09T12:33:10","guid":{"rendered":"https:\/\/blogs.elcomercio.es\/reflexiones-de-belarmino\/?p=42429"},"modified":"2025-04-09T14:33:11","modified_gmt":"2025-04-09T12:33:11","slug":"como-monica-naranjo-muchos-estamos-hartos-de-los-iglesias-montero-errejon-monedero-y-por-supuesto-los-abalos-del-pp-va-en-su-adn","status":"publish","type":"post","link":"https:\/\/blogs.elcomercio.es\/reflexiones-de-belarmino\/2025\/04\/09\/como-monica-naranjo-muchos-estamos-hartos-de-los-iglesias-montero-errejon-monedero-y-por-supuesto-los-abalos-del-pp-va-en-su-adn\/","title":{"rendered":"\u00a1\u00a1\u00a1\u00a1\u00a1COMO MONICA NARANJO, MUCHOS ESTAMOS HARTOS DE LOS IGLESIAS, MONTERO, ERREJON, MONEDERO&#8230;Y POR SUPUESTO LOS ABALOS . DEL PP, VA EN SU ADN !!!"},"content":{"rendered":"\n<p>De nuevo, de los recursos economicos de por medio y el ego, vuelven a surgir y a dividir Pablo Iglesias, Irene MOntero y lo que queda de Podemos. Como M\u00f3nica Naraanjo,muchos estamos hastos de esas actitudes, sobre todo en el marco mundial que tenemos en frente. Por supuesto los Abalos,s y loque haya detras de \u00e9l, del pSOE, tambi\u00e9nestamos hartos. LA REPUBLICA DOMINICANA PARAISO DE JUAN CARLOS, DE LOS EMPRESARIOS Y POLITOCOS CORRUPTOS. De el PP, de toda su historia, es parte de su ADN. LA NUEVA ESPA\u00d1A QUE SURGRIR\u00c1 DEBER\u00c1 QUITARSE ESOS LASTRES.<\/p>\n<!-- AddThis Advanced Settings generic via filter on the_content --><!-- AddThis Share Buttons generic via filter on the_content -->","protected":false},"excerpt":{"rendered":"<p>De nuevo, de los recursos economicos de por medio y el ego, vuelven a surgir y a dividir Pablo Iglesias, Irene MOntero y lo que queda de Podemos. Como M\u00f3nica Naraanjo,muchos estamos hastos de esas actitudes, sobre todo en el marco mundial que tenemos en frente. Por supuesto los Abalos,s y loque haya detras de [&hellip;]<!-- AddThis Advanced Settings generic via filter on get_the_excerpt --><!-- AddThis Share Buttons generic via filter on get_the_excerpt --><\/p>\n","protected":false},"author":16,"featured_media":0,"comment_status":"open","ping_status":"closed","sticky":false,"template":"","format":"standard","meta":[],"categories":[1],"tags":[],"_links":{"self":[{"href":"https:\/\/blogs.elcomercio.es\/reflexiones-de-belarmino\/wp-json\/wp\/v2\/posts\/42429"}],"collection":[{"href":"https:\/\/blogs.elcomercio.es\/reflexiones-de-belarmino\/wp-json\/wp\/v2\/posts"}],"about":[{"href":"https:\/\/blogs.elcomercio.es\/reflexiones-de-belarmino\/wp-json\/wp\/v2\/types\/post"}],"author":[{"embeddable":true,"href":"https:\/\/blogs.elcomercio.es\/reflexiones-de-belarmino\/wp-json\/wp\/v2\/users\/16"}],"replies":[{"embeddable":true,"href":"https:\/\/blogs.elcomercio.es\/reflexiones-de-belarmino\/wp-json\/wp\/v2\/comments?post=42429"}],"version-history":[{"count":1,"href":"https:\/\/blogs.elcomercio.es\/reflexiones-de-belarmino\/wp-json\/wp\/v2\/posts\/42429\/revisions"}],"predecessor-version":[{"id":42430,"href":"https:\/\/blogs.elcomercio.es\/reflexiones-de-belarmino\/wp-json\/wp\/v2\/posts\/42429\/revisions\/42430"}],"wp:attachment":[{"href":"https:\/\/blogs.elcomercio.es\/reflexiones-de-belarmino\/wp-json\/wp\/v2\/media?parent=42429"}],"wp:term":[{"taxonomy":"category","embeddable":true,"href":"https:\/\/blogs.elcomercio.es\/reflexiones-de-belarmino\/wp-json\/wp\/v2\/categories?post=42429"},{"taxonomy":"post_tag","embeddable":true,"href":"https:\/\/blogs.elcomercio.es\/reflexiones-de-belarmino\/wp-json\/wp\/v2\/tags?post=42429"}],"curies":[{"name":"wp","href":"https:\/\/api.w.org\/{rel}","templated":true}]}}