{"id":42437,"date":"2025-04-09T21:48:05","date_gmt":"2025-04-09T19:48:05","guid":{"rendered":"https:\/\/blogs.elcomercio.es\/reflexiones-de-belarmino\/?p=42437"},"modified":"2025-04-09T21:48:07","modified_gmt":"2025-04-09T19:48:07","slug":"claudia-sheinbaum-en-sus-2-horas-en-tegucigalpaasiste-inauguracion-primera-plenaria-ycon-lula-acuerdan-fortalecer-sus-relaciones-comerciales-regresa-ya-para-la","status":"publish","type":"post","link":"https:\/\/blogs.elcomercio.es\/reflexiones-de-belarmino\/2025\/04\/09\/claudia-sheinbaum-en-sus-2-horas-en-tegucigalpaasiste-inauguracion-primera-plenaria-ycon-lula-acuerdan-fortalecer-sus-relaciones-comerciales-regresa-ya-para-la\/","title":{"rendered":"\u00a1\u00a1\u00a1\u00a1\u00a1\u00a1CLAUDIA SHEINBAUM, EN SUS 2 HORAS EN TEGUCIGALPA,ASISTE INAUGURACI\u00d3N, PRIMERA PLENARIA Y,CON LULA ACUERDAN FORTALECER SUS RELACIONES COMERCIALES. REGRESA YA PARA LA MA\u00d1ANERA DE MA\u00d1ANA !!"},"content":{"rendered":"\n<p>La presidenta doctora Claudia Sheinbaum Pardo, ha estado dos horas en Honduras asistiendo a la CEPAL, con 8 presidentes progresistas m\u00e1s. Estuvo en la inaauguraci\u00f3n, en la primera plenaria y una reunion bilateral con LULA, para fortalecer las relaciones comerciales entre Brasil y M\u00e9xico.Ya en vuelo en avi\u00f3n de la Secretar\u00eda de la Defensa para estar ma\u00f1ana en la Ma\u00f1anera del Pueblo, supo que la Bolsa, el peso y la Mezcla mexicana de petroleo subieron m\u00e1s de 2 %, tras al anuncio de la pausa de Trump.<\/p>\n<!-- AddThis Advanced Settings generic via filter on the_content --><!-- AddThis Share Buttons generic via filter on the_content -->","protected":false},"excerpt":{"rendered":"<p>La presidenta doctora Claudia Sheinbaum Pardo, ha estado dos horas en Honduras asistiendo a la CEPAL, con 8 presidentes progresistas m\u00e1s. Estuvo en la inaauguraci\u00f3n, en la primera plenaria y una reunion bilateral con LULA, para fortalecer las relaciones comerciales entre Brasil y M\u00e9xico.Ya en vuelo en avi\u00f3n de la Secretar\u00eda de la Defensa para [&hellip;]<!-- AddThis Advanced Settings generic via filter on get_the_excerpt --><!-- AddThis Share Buttons generic via filter on get_the_excerpt --><\/p>\n","protected":false},"author":16,"featured_media":0,"comment_status":"open","ping_status":"closed","sticky":false,"template":"","format":"standard","meta":[],"categories":[1],"tags":[],"_links":{"self":[{"href":"https:\/\/blogs.elcomercio.es\/reflexiones-de-belarmino\/wp-json\/wp\/v2\/posts\/42437"}],"collection":[{"href":"https:\/\/blogs.elcomercio.es\/reflexiones-de-belarmino\/wp-json\/wp\/v2\/posts"}],"about":[{"href":"https:\/\/blogs.elcomercio.es\/reflexiones-de-belarmino\/wp-json\/wp\/v2\/types\/post"}],"author":[{"embeddable":true,"href":"https:\/\/blogs.elcomercio.es\/reflexiones-de-belarmino\/wp-json\/wp\/v2\/users\/16"}],"replies":[{"embeddable":true,"href":"https:\/\/blogs.elcomercio.es\/reflexiones-de-belarmino\/wp-json\/wp\/v2\/comments?post=42437"}],"version-history":[{"count":1,"href":"https:\/\/blogs.elcomercio.es\/reflexiones-de-belarmino\/wp-json\/wp\/v2\/posts\/42437\/revisions"}],"predecessor-version":[{"id":42438,"href":"https:\/\/blogs.elcomercio.es\/reflexiones-de-belarmino\/wp-json\/wp\/v2\/posts\/42437\/revisions\/42438"}],"wp:attachment":[{"href":"https:\/\/blogs.elcomercio.es\/reflexiones-de-belarmino\/wp-json\/wp\/v2\/media?parent=42437"}],"wp:term":[{"taxonomy":"category","embeddable":true,"href":"https:\/\/blogs.elcomercio.es\/reflexiones-de-belarmino\/wp-json\/wp\/v2\/categories?post=42437"},{"taxonomy":"post_tag","embeddable":true,"href":"https:\/\/blogs.elcomercio.es\/reflexiones-de-belarmino\/wp-json\/wp\/v2\/tags?post=42437"}],"curies":[{"name":"wp","href":"https:\/\/api.w.org\/{rel}","templated":true}]}}