{"id":42449,"date":"2025-04-11T11:04:43","date_gmt":"2025-04-11T09:04:43","guid":{"rendered":"https:\/\/blogs.elcomercio.es\/reflexiones-de-belarmino\/?p=42449"},"modified":"2025-04-11T11:04:43","modified_gmt":"2025-04-11T09:04:43","slug":"sheinbaum-convoca-en-la-cepal-a-la-integracion-economica-de-america-latina-y-el-caribe-yde-inmediato-trump-se-busca-un-arancel-de-amenaza","status":"publish","type":"post","link":"https:\/\/blogs.elcomercio.es\/reflexiones-de-belarmino\/2025\/04\/11\/sheinbaum-convoca-en-la-cepal-a-la-integracion-economica-de-america-latina-y-el-caribe-yde-inmediato-trump-se-busca-un-arancel-de-amenaza\/","title":{"rendered":"\u00a1\u00a1\u00a1\u00a1\u00a1SHEINBAUM CONVOCA EN LA CEPAL A LA INTEGRACI\u00d3N ECON\u00d3MICA DE AMERICA LATINA Y EL CARIBE Y,DE INMEDIATO, TRUMP SE BUSCA UN ARANCEL DE AMENAZA!!!"},"content":{"rendered":"\n<p>El 9 en Tegucigalpa, Honduras, se celebr\u00f3 la reuni\u00f3n de la CEPAL ( Consejo Economico de Paises de Am\u00e9rica Latina y de El Caribe. Asistieron 10 presidentes &#8220;progresistas&#8221; de Am\u00e9rica Latina y El Caribe, dessde LULA, Petro y Sheinbaum entre otros. En ella la presidenta de la Rep\u00fablica Mexicana Claudia Sheinbaum(con asistencia de tan s\u00f3lo 2 horas) llam\u00f3 a la INTEGRACION ECONOMICA DE AMERICA LATINA Y EL CARIBE.<\/p>\n\n\n\n<p>De inmediato &#8220;el sheriff&#8221; amenaz\u00f3: ARANCELES A MEXICO&#8230;.por el agua&#8230;<\/p>\n\n\n\n<p>La presidenta ya le respondi\u00f3, con papeles en la mano.<\/p>\n<!-- AddThis Advanced Settings generic via filter on the_content --><!-- AddThis Share Buttons generic via filter on the_content -->","protected":false},"excerpt":{"rendered":"<p>El 9 en Tegucigalpa, Honduras, se celebr\u00f3 la reuni\u00f3n de la CEPAL ( Consejo Economico de Paises de Am\u00e9rica Latina y de El Caribe. Asistieron 10 presidentes &#8220;progresistas&#8221; de Am\u00e9rica Latina y El Caribe, dessde LULA, Petro y Sheinbaum entre otros. En ella la presidenta de la Rep\u00fablica Mexicana Claudia Sheinbaum(con asistencia de tan s\u00f3lo [&hellip;]<!-- AddThis Advanced Settings generic via filter on get_the_excerpt --><!-- AddThis Share Buttons generic via filter on get_the_excerpt --><\/p>\n","protected":false},"author":16,"featured_media":0,"comment_status":"open","ping_status":"closed","sticky":false,"template":"","format":"standard","meta":[],"categories":[1],"tags":[],"_links":{"self":[{"href":"https:\/\/blogs.elcomercio.es\/reflexiones-de-belarmino\/wp-json\/wp\/v2\/posts\/42449"}],"collection":[{"href":"https:\/\/blogs.elcomercio.es\/reflexiones-de-belarmino\/wp-json\/wp\/v2\/posts"}],"about":[{"href":"https:\/\/blogs.elcomercio.es\/reflexiones-de-belarmino\/wp-json\/wp\/v2\/types\/post"}],"author":[{"embeddable":true,"href":"https:\/\/blogs.elcomercio.es\/reflexiones-de-belarmino\/wp-json\/wp\/v2\/users\/16"}],"replies":[{"embeddable":true,"href":"https:\/\/blogs.elcomercio.es\/reflexiones-de-belarmino\/wp-json\/wp\/v2\/comments?post=42449"}],"version-history":[{"count":1,"href":"https:\/\/blogs.elcomercio.es\/reflexiones-de-belarmino\/wp-json\/wp\/v2\/posts\/42449\/revisions"}],"predecessor-version":[{"id":42450,"href":"https:\/\/blogs.elcomercio.es\/reflexiones-de-belarmino\/wp-json\/wp\/v2\/posts\/42449\/revisions\/42450"}],"wp:attachment":[{"href":"https:\/\/blogs.elcomercio.es\/reflexiones-de-belarmino\/wp-json\/wp\/v2\/media?parent=42449"}],"wp:term":[{"taxonomy":"category","embeddable":true,"href":"https:\/\/blogs.elcomercio.es\/reflexiones-de-belarmino\/wp-json\/wp\/v2\/categories?post=42449"},{"taxonomy":"post_tag","embeddable":true,"href":"https:\/\/blogs.elcomercio.es\/reflexiones-de-belarmino\/wp-json\/wp\/v2\/tags?post=42449"}],"curies":[{"name":"wp","href":"https:\/\/api.w.org\/{rel}","templated":true}]}}