{"id":42451,"date":"2025-04-11T11:14:29","date_gmt":"2025-04-11T09:14:29","guid":{"rendered":"https:\/\/blogs.elcomercio.es\/reflexiones-de-belarmino\/?p=42451"},"modified":"2025-04-11T11:14:29","modified_gmt":"2025-04-11T09:14:29","slug":"a-la-misma-hora-que-llegaba-pedro-sanchez-a-pekin-cae-extranamente-el-helicoptero-con-espanoless-en-el-hudson-casualidad-o-mensaje","status":"publish","type":"post","link":"https:\/\/blogs.elcomercio.es\/reflexiones-de-belarmino\/2025\/04\/11\/a-la-misma-hora-que-llegaba-pedro-sanchez-a-pekin-cae-extranamente-el-helicoptero-con-espanoless-en-el-hudson-casualidad-o-mensaje\/","title":{"rendered":"\u00a1\u00a1\u00a1\u00a1A LA MISMA HORA QUE LLEGABA PEDRO SANCHEZ A PEKIN, CAE &#8220;EXTRA\u00d1AMENTE&#8221; EL HELICOPTERO CON ESPA\u00d1OLESS EN EL HUDSON. \u00bfCASUALIDAD O MENSAJE ?"},"content":{"rendered":"\n<p>El d\u00eda anterior, el secretario del Tesoro, habia dicho: &#8221; Si Sanchez se acerca a China, se est\u00e1 cercenando la garganta&#8221;.<\/p>\n\n\n\n<p>Ayer, a la hora que el presidente del gobierno Espa\u00f1ol llegaba a Pek\u00edn, a 15,000 kms, sobre el r\u00edo Hudson en Nueva York, un helicoptero tur\u00edstico, ca\u00eda en forma extra\u00f1a. Se despegaron los helices, y cay\u00f3 en picada vertical. Los vecinos se extra\u00f1aron, las autoridades investigan. Luego sabiamos que eran espa\u00f1oles, cosa que Trump sabedorr de ello no lo menciona.\u00e7<\/p>\n\n\n\n<p>Hay que esperar las investigaciones pero la extra\u00f1a forma,no comun, de como ocurri\u00f3, a los que estabamos pendientes de los 2 anuncios, nos hicieron pensar.<\/p>\n\n\n\n<p>\u00bf Accidente, o mensaje ?<\/p>\n<!-- AddThis Advanced Settings generic via filter on the_content --><!-- AddThis Share Buttons generic via filter on the_content -->","protected":false},"excerpt":{"rendered":"<p>El d\u00eda anterior, el secretario del Tesoro, habia dicho: &#8221; Si Sanchez se acerca a China, se est\u00e1 cercenando la garganta&#8221;. Ayer, a la hora que el presidente del gobierno Espa\u00f1ol llegaba a Pek\u00edn, a 15,000 kms, sobre el r\u00edo Hudson en Nueva York, un helicoptero tur\u00edstico, ca\u00eda en forma extra\u00f1a. Se despegaron los helices, [&hellip;]<!-- AddThis Advanced Settings generic via filter on get_the_excerpt --><!-- AddThis Share Buttons generic via filter on get_the_excerpt --><\/p>\n","protected":false},"author":16,"featured_media":0,"comment_status":"open","ping_status":"closed","sticky":false,"template":"","format":"standard","meta":[],"categories":[1],"tags":[],"_links":{"self":[{"href":"https:\/\/blogs.elcomercio.es\/reflexiones-de-belarmino\/wp-json\/wp\/v2\/posts\/42451"}],"collection":[{"href":"https:\/\/blogs.elcomercio.es\/reflexiones-de-belarmino\/wp-json\/wp\/v2\/posts"}],"about":[{"href":"https:\/\/blogs.elcomercio.es\/reflexiones-de-belarmino\/wp-json\/wp\/v2\/types\/post"}],"author":[{"embeddable":true,"href":"https:\/\/blogs.elcomercio.es\/reflexiones-de-belarmino\/wp-json\/wp\/v2\/users\/16"}],"replies":[{"embeddable":true,"href":"https:\/\/blogs.elcomercio.es\/reflexiones-de-belarmino\/wp-json\/wp\/v2\/comments?post=42451"}],"version-history":[{"count":1,"href":"https:\/\/blogs.elcomercio.es\/reflexiones-de-belarmino\/wp-json\/wp\/v2\/posts\/42451\/revisions"}],"predecessor-version":[{"id":42452,"href":"https:\/\/blogs.elcomercio.es\/reflexiones-de-belarmino\/wp-json\/wp\/v2\/posts\/42451\/revisions\/42452"}],"wp:attachment":[{"href":"https:\/\/blogs.elcomercio.es\/reflexiones-de-belarmino\/wp-json\/wp\/v2\/media?parent=42451"}],"wp:term":[{"taxonomy":"category","embeddable":true,"href":"https:\/\/blogs.elcomercio.es\/reflexiones-de-belarmino\/wp-json\/wp\/v2\/categories?post=42451"},{"taxonomy":"post_tag","embeddable":true,"href":"https:\/\/blogs.elcomercio.es\/reflexiones-de-belarmino\/wp-json\/wp\/v2\/tags?post=42451"}],"curies":[{"name":"wp","href":"https:\/\/api.w.org\/{rel}","templated":true}]}}