{"id":42457,"date":"2025-04-11T18:37:42","date_gmt":"2025-04-11T16:37:42","guid":{"rendered":"https:\/\/blogs.elcomercio.es\/reflexiones-de-belarmino\/?p=42457"},"modified":"2025-04-11T18:37:43","modified_gmt":"2025-04-11T16:37:43","slug":"mujer-de-america-latina-posible-proxima-secretaria-general-de-naciones-unidasalicia-barcenamexico-y-michel-bacheletchile","status":"publish","type":"post","link":"https:\/\/blogs.elcomercio.es\/reflexiones-de-belarmino\/2025\/04\/11\/mujer-de-america-latina-posible-proxima-secretaria-general-de-naciones-unidasalicia-barcenamexico-y-michel-bacheletchile\/","title":{"rendered":"\u00a1\u00a1\u00a1\u00a1\u00a1\u00a1MUJER DE AMERICA LATINA, POSIBLE PROXIMA SECRETARIA GENERAL DE NACIONES UNIDAS:ALICIA BARCENA(MEXICO) Y MICHEL BACHELET(CHILE)!!"},"content":{"rendered":"\n<p>Es muy posible que la Secretar\u00eda General de la Organizaci\u00f3n de las Naciones Unidas, que correponde a Am\u00e9rica Latina, sea ocupada por una mujer, entre las que destacan ALICIA BARCENAS de M\u00e9xico y MICHAELLE BACHELET,  la expresidenta de Chile<\/p>\n<!-- AddThis Advanced Settings generic via filter on the_content --><!-- AddThis Share Buttons generic via filter on the_content -->","protected":false},"excerpt":{"rendered":"<p>Es muy posible que la Secretar\u00eda General de la Organizaci\u00f3n de las Naciones Unidas, que correponde a Am\u00e9rica Latina, sea ocupada por una mujer, entre las que destacan ALICIA BARCENAS de M\u00e9xico y MICHAELLE BACHELET, la expresidenta de Chile<!-- AddThis Advanced Settings generic via filter on get_the_excerpt --><!-- AddThis Share Buttons generic via filter on get_the_excerpt --><\/p>\n","protected":false},"author":16,"featured_media":0,"comment_status":"open","ping_status":"closed","sticky":false,"template":"","format":"standard","meta":[],"categories":[1],"tags":[],"_links":{"self":[{"href":"https:\/\/blogs.elcomercio.es\/reflexiones-de-belarmino\/wp-json\/wp\/v2\/posts\/42457"}],"collection":[{"href":"https:\/\/blogs.elcomercio.es\/reflexiones-de-belarmino\/wp-json\/wp\/v2\/posts"}],"about":[{"href":"https:\/\/blogs.elcomercio.es\/reflexiones-de-belarmino\/wp-json\/wp\/v2\/types\/post"}],"author":[{"embeddable":true,"href":"https:\/\/blogs.elcomercio.es\/reflexiones-de-belarmino\/wp-json\/wp\/v2\/users\/16"}],"replies":[{"embeddable":true,"href":"https:\/\/blogs.elcomercio.es\/reflexiones-de-belarmino\/wp-json\/wp\/v2\/comments?post=42457"}],"version-history":[{"count":1,"href":"https:\/\/blogs.elcomercio.es\/reflexiones-de-belarmino\/wp-json\/wp\/v2\/posts\/42457\/revisions"}],"predecessor-version":[{"id":42458,"href":"https:\/\/blogs.elcomercio.es\/reflexiones-de-belarmino\/wp-json\/wp\/v2\/posts\/42457\/revisions\/42458"}],"wp:attachment":[{"href":"https:\/\/blogs.elcomercio.es\/reflexiones-de-belarmino\/wp-json\/wp\/v2\/media?parent=42457"}],"wp:term":[{"taxonomy":"category","embeddable":true,"href":"https:\/\/blogs.elcomercio.es\/reflexiones-de-belarmino\/wp-json\/wp\/v2\/categories?post=42457"},{"taxonomy":"post_tag","embeddable":true,"href":"https:\/\/blogs.elcomercio.es\/reflexiones-de-belarmino\/wp-json\/wp\/v2\/tags?post=42457"}],"curies":[{"name":"wp","href":"https:\/\/api.w.org\/{rel}","templated":true}]}}