{"id":42477,"date":"2025-04-13T11:28:05","date_gmt":"2025-04-13T09:28:05","guid":{"rendered":"https:\/\/blogs.elcomercio.es\/reflexiones-de-belarmino\/?p=42477"},"modified":"2025-04-13T11:28:06","modified_gmt":"2025-04-13T09:28:06","slug":"la-poderosa-organizacion-que-estaba-detras-de-la-extrema-derecha-atras-el-triunfo-de-trump-se-resquebraja-segun-pierde-fuerza-el-jefe-el-idolo-las-vacaciones-d","status":"publish","type":"post","link":"https:\/\/blogs.elcomercio.es\/reflexiones-de-belarmino\/2025\/04\/13\/la-poderosa-organizacion-que-estaba-detras-de-la-extrema-derecha-atras-el-triunfo-de-trump-se-resquebraja-segun-pierde-fuerza-el-jefe-el-idolo-las-vacaciones-d\/","title":{"rendered":"\u00a1\u00a1\u00a1\u00a1\u00a1LA &#8220;PODEROSA ORGANIZACI\u00d3N&#8221; QUE ESTABA DETRAS DE LA EXTREMA DERECHA ATRAS EL TRIUNFO DE TRUMP, SE RESQUEBRAJA SEGUN PIERDE FUERZA EL &#8220;JEFE, EL IDOLO&#8221;. LAS VACACIONES DE ABASCAL, PARA MEDITAR !!!"},"content":{"rendered":"\n<p>Con sus 5  minutos de gloria en Washington, donde Trump, lo llam\u00f3 por su nombre&#8221;Saanti Abascual&#8221;, que este se reverenciaba con la manoe en elm corazon dos veces, Abaascal, Meloni, Milei, Orban, Le Pen, han visto con tristeza, el fracaso de llos 3 primeros tres meses de su &#8220;jefe e id\u00f3lo&#8221;. Las vacaciones, que ya ans\u00eda Abascal, ser\u00e1n para meditar, ante la alegria de Feij\u00f3, pero de la mayor\u00eda de los espa\u00f1oles.<\/p>\n<!-- AddThis Advanced Settings generic via filter on the_content --><!-- AddThis Share Buttons generic via filter on the_content -->","protected":false},"excerpt":{"rendered":"<p>Con sus 5 minutos de gloria en Washington, donde Trump, lo llam\u00f3 por su nombre&#8221;Saanti Abascual&#8221;, que este se reverenciaba con la manoe en elm corazon dos veces, Abaascal, Meloni, Milei, Orban, Le Pen, han visto con tristeza, el fracaso de llos 3 primeros tres meses de su &#8220;jefe e id\u00f3lo&#8221;. Las vacaciones, que ya [&hellip;]<!-- AddThis Advanced Settings generic via filter on get_the_excerpt --><!-- AddThis Share Buttons generic via filter on get_the_excerpt --><\/p>\n","protected":false},"author":16,"featured_media":0,"comment_status":"open","ping_status":"closed","sticky":false,"template":"","format":"standard","meta":[],"categories":[1],"tags":[],"_links":{"self":[{"href":"https:\/\/blogs.elcomercio.es\/reflexiones-de-belarmino\/wp-json\/wp\/v2\/posts\/42477"}],"collection":[{"href":"https:\/\/blogs.elcomercio.es\/reflexiones-de-belarmino\/wp-json\/wp\/v2\/posts"}],"about":[{"href":"https:\/\/blogs.elcomercio.es\/reflexiones-de-belarmino\/wp-json\/wp\/v2\/types\/post"}],"author":[{"embeddable":true,"href":"https:\/\/blogs.elcomercio.es\/reflexiones-de-belarmino\/wp-json\/wp\/v2\/users\/16"}],"replies":[{"embeddable":true,"href":"https:\/\/blogs.elcomercio.es\/reflexiones-de-belarmino\/wp-json\/wp\/v2\/comments?post=42477"}],"version-history":[{"count":1,"href":"https:\/\/blogs.elcomercio.es\/reflexiones-de-belarmino\/wp-json\/wp\/v2\/posts\/42477\/revisions"}],"predecessor-version":[{"id":42478,"href":"https:\/\/blogs.elcomercio.es\/reflexiones-de-belarmino\/wp-json\/wp\/v2\/posts\/42477\/revisions\/42478"}],"wp:attachment":[{"href":"https:\/\/blogs.elcomercio.es\/reflexiones-de-belarmino\/wp-json\/wp\/v2\/media?parent=42477"}],"wp:term":[{"taxonomy":"category","embeddable":true,"href":"https:\/\/blogs.elcomercio.es\/reflexiones-de-belarmino\/wp-json\/wp\/v2\/categories?post=42477"},{"taxonomy":"post_tag","embeddable":true,"href":"https:\/\/blogs.elcomercio.es\/reflexiones-de-belarmino\/wp-json\/wp\/v2\/tags?post=42477"}],"curies":[{"name":"wp","href":"https:\/\/api.w.org\/{rel}","templated":true}]}}