{"id":42483,"date":"2025-04-13T18:59:05","date_gmt":"2025-04-13T16:59:05","guid":{"rendered":"https:\/\/blogs.elcomercio.es\/reflexiones-de-belarmino\/?p=42483"},"modified":"2025-04-13T18:59:05","modified_gmt":"2025-04-13T16:59:05","slug":"trump-recrudece-la-lucha-entre-ee-uu-y-china-por-la-hegemonia-mundialal-desacoplar-la-economia-se-debilita-ante-su-pais-y-el-mundo","status":"publish","type":"post","link":"https:\/\/blogs.elcomercio.es\/reflexiones-de-belarmino\/2025\/04\/13\/trump-recrudece-la-lucha-entre-ee-uu-y-china-por-la-hegemonia-mundialal-desacoplar-la-economia-se-debilita-ante-su-pais-y-el-mundo\/","title":{"rendered":"\u00a1\u00a1\u00a1\u00a1 TRUMP RECRUDECE LA LUCHA ENTRE EE.UU Y CHINA POR LA HEGEMONIA MUNDIAL,AL DESACOPLAR LA ECONOMIA, SE DEBILITA ANTE SU PAIS Y EL MUNDO !!!"},"content":{"rendered":"\n<p>Ni en sus peores sue\u00f1os, el hombre, lo imagin\u00f3. Su principal enemigo: EL MISMO. A cambio de un mes de decretos, pistola en mano, como cualquier sheriff del Medio Oeste, anoche,tras la asistencia a la lucha libre en Florida,al llegar a Mar a Lago en su avi\u00f3n, la realidad surgi\u00f3 en su mente.<\/p>\n\n\n\n<p>Puso al mundo en vilo, como cualquier ignorante, y a los 84 d\u00edas su proyecto se est\u00e1 desmoronando, debilitandose m\u00e1s internamente, donde ya se habla adel declive del imperio y poner en movimiento a actores como China y Rusia, que no van a aperder la oportunidad. La posibilidad de la Uni\u00f3n Europea, debido a la mediocridad de funcionarios como Von Der Leyen, se ha debilitado<\/p>\n<!-- AddThis Advanced Settings generic via filter on the_content --><!-- AddThis Share Buttons generic via filter on the_content -->","protected":false},"excerpt":{"rendered":"<p>Ni en sus peores sue\u00f1os, el hombre, lo imagin\u00f3. Su principal enemigo: EL MISMO. A cambio de un mes de decretos, pistola en mano, como cualquier sheriff del Medio Oeste, anoche,tras la asistencia a la lucha libre en Florida,al llegar a Mar a Lago en su avi\u00f3n, la realidad surgi\u00f3 en su mente. Puso al [&hellip;]<!-- AddThis Advanced Settings generic via filter on get_the_excerpt --><!-- AddThis Share Buttons generic via filter on get_the_excerpt --><\/p>\n","protected":false},"author":16,"featured_media":0,"comment_status":"open","ping_status":"closed","sticky":false,"template":"","format":"standard","meta":[],"categories":[1],"tags":[],"_links":{"self":[{"href":"https:\/\/blogs.elcomercio.es\/reflexiones-de-belarmino\/wp-json\/wp\/v2\/posts\/42483"}],"collection":[{"href":"https:\/\/blogs.elcomercio.es\/reflexiones-de-belarmino\/wp-json\/wp\/v2\/posts"}],"about":[{"href":"https:\/\/blogs.elcomercio.es\/reflexiones-de-belarmino\/wp-json\/wp\/v2\/types\/post"}],"author":[{"embeddable":true,"href":"https:\/\/blogs.elcomercio.es\/reflexiones-de-belarmino\/wp-json\/wp\/v2\/users\/16"}],"replies":[{"embeddable":true,"href":"https:\/\/blogs.elcomercio.es\/reflexiones-de-belarmino\/wp-json\/wp\/v2\/comments?post=42483"}],"version-history":[{"count":1,"href":"https:\/\/blogs.elcomercio.es\/reflexiones-de-belarmino\/wp-json\/wp\/v2\/posts\/42483\/revisions"}],"predecessor-version":[{"id":42484,"href":"https:\/\/blogs.elcomercio.es\/reflexiones-de-belarmino\/wp-json\/wp\/v2\/posts\/42483\/revisions\/42484"}],"wp:attachment":[{"href":"https:\/\/blogs.elcomercio.es\/reflexiones-de-belarmino\/wp-json\/wp\/v2\/media?parent=42483"}],"wp:term":[{"taxonomy":"category","embeddable":true,"href":"https:\/\/blogs.elcomercio.es\/reflexiones-de-belarmino\/wp-json\/wp\/v2\/categories?post=42483"},{"taxonomy":"post_tag","embeddable":true,"href":"https:\/\/blogs.elcomercio.es\/reflexiones-de-belarmino\/wp-json\/wp\/v2\/tags?post=42483"}],"curies":[{"name":"wp","href":"https:\/\/api.w.org\/{rel}","templated":true}]}}