{"id":42507,"date":"2025-04-15T17:23:30","date_gmt":"2025-04-15T15:23:30","guid":{"rendered":"https:\/\/blogs.elcomercio.es\/reflexiones-de-belarmino\/?p=42507"},"modified":"2025-04-15T17:23:30","modified_gmt":"2025-04-15T15:23:30","slug":"no-le-sale-la-jugada-a-pedro-sanchez-la-visita-con-carlos-cuerpo-ya-estaba-programada-hace-tiempo-no-se-tocara-el-tema-de-la-visita-a-china-scott-bessent-secetar","status":"publish","type":"post","link":"https:\/\/blogs.elcomercio.es\/reflexiones-de-belarmino\/2025\/04\/15\/no-le-sale-la-jugada-a-pedro-sanchez-la-visita-con-carlos-cuerpo-ya-estaba-programada-hace-tiempo-no-se-tocara-el-tema-de-la-visita-a-china-scott-bessent-secetar\/","title":{"rendered":"\u00a1\u00a1\u00a1\u00a1\u00a1NO LE SALE LA JUGADA A PEDRO SANCHEZ: &#8221; LA VISITA CON CARLOS CUERPO YA ESTABA PROGRAMADA HACE TIEMPO. NO SE TOCAR\u00c1 EL TEMA DE LA VISITA A CHINA&#8221;; SCOTT BESSENT, SECETARIO DEL TESORO !!!"},"content":{"rendered":"\n<p>Ante la idea de que Carlos Cuerpo era enviado a hablar con el Secretario del Tesoro para limar asperezas luego de sus ataques a Espa\u00f1a, por la visita de Pedro Sanchez a China, de inmediato, Scott Bessent, el titular del Tesoro, adelant\u00f3 hoy: &#8221; Esta entreviosta estaba programa desde hace m\u00e1s de un mes. No tocaremos el tema de China &#8220;.<\/p>\n<!-- AddThis Advanced Settings generic via filter on the_content --><!-- AddThis Share Buttons generic via filter on the_content -->","protected":false},"excerpt":{"rendered":"<p>Ante la idea de que Carlos Cuerpo era enviado a hablar con el Secretario del Tesoro para limar asperezas luego de sus ataques a Espa\u00f1a, por la visita de Pedro Sanchez a China, de inmediato, Scott Bessent, el titular del Tesoro, adelant\u00f3 hoy: &#8221; Esta entreviosta estaba programa desde hace m\u00e1s de un mes. No [&hellip;]<!-- AddThis Advanced Settings generic via filter on get_the_excerpt --><!-- AddThis Share Buttons generic via filter on get_the_excerpt --><\/p>\n","protected":false},"author":16,"featured_media":0,"comment_status":"open","ping_status":"closed","sticky":false,"template":"","format":"standard","meta":[],"categories":[1],"tags":[],"_links":{"self":[{"href":"https:\/\/blogs.elcomercio.es\/reflexiones-de-belarmino\/wp-json\/wp\/v2\/posts\/42507"}],"collection":[{"href":"https:\/\/blogs.elcomercio.es\/reflexiones-de-belarmino\/wp-json\/wp\/v2\/posts"}],"about":[{"href":"https:\/\/blogs.elcomercio.es\/reflexiones-de-belarmino\/wp-json\/wp\/v2\/types\/post"}],"author":[{"embeddable":true,"href":"https:\/\/blogs.elcomercio.es\/reflexiones-de-belarmino\/wp-json\/wp\/v2\/users\/16"}],"replies":[{"embeddable":true,"href":"https:\/\/blogs.elcomercio.es\/reflexiones-de-belarmino\/wp-json\/wp\/v2\/comments?post=42507"}],"version-history":[{"count":1,"href":"https:\/\/blogs.elcomercio.es\/reflexiones-de-belarmino\/wp-json\/wp\/v2\/posts\/42507\/revisions"}],"predecessor-version":[{"id":42508,"href":"https:\/\/blogs.elcomercio.es\/reflexiones-de-belarmino\/wp-json\/wp\/v2\/posts\/42507\/revisions\/42508"}],"wp:attachment":[{"href":"https:\/\/blogs.elcomercio.es\/reflexiones-de-belarmino\/wp-json\/wp\/v2\/media?parent=42507"}],"wp:term":[{"taxonomy":"category","embeddable":true,"href":"https:\/\/blogs.elcomercio.es\/reflexiones-de-belarmino\/wp-json\/wp\/v2\/categories?post=42507"},{"taxonomy":"post_tag","embeddable":true,"href":"https:\/\/blogs.elcomercio.es\/reflexiones-de-belarmino\/wp-json\/wp\/v2\/tags?post=42507"}],"curies":[{"name":"wp","href":"https:\/\/api.w.org\/{rel}","templated":true}]}}