{"id":42546,"date":"2025-04-18T19:42:50","date_gmt":"2025-04-18T17:42:50","guid":{"rendered":"https:\/\/blogs.elcomercio.es\/reflexiones-de-belarmino\/?p=42546"},"modified":"2025-04-18T19:42:51","modified_gmt":"2025-04-18T17:42:51","slug":"barbon-la-muerte-de-5-mineros-no-se-resuelve-con-un-cambio-de-gobiernoy-la-investigaciony-los-culpable","status":"publish","type":"post","link":"https:\/\/blogs.elcomercio.es\/reflexiones-de-belarmino\/2025\/04\/18\/barbon-la-muerte-de-5-mineros-no-se-resuelve-con-un-cambio-de-gobiernoy-la-investigaciony-los-culpable\/","title":{"rendered":"\u00a1\u00a1\u00a1\u00a1\u00a1BARB\u00d3N, LA MUERTE DE 5 MINEROS, NO SE RESUELVE CON UN CAMBIO DE GOBIERNO,\u00bfY LA INVESTIGACI\u00d3N,?,\u00bfY LOS CULPABLE ?"},"content":{"rendered":"\n<p>Sorprende. Tras las sentidas declaraciones del preidente del Principado Adr\u00edan Barb\u00f3n, sobre su pasado minero, lo quiere borrar con un cesae y un cambio de gobierno sino cambia.,. Cinco muertes,cuatro heridos en 2025, de nuevo por corrupciones, es una mancha m\u00e1s sobre laa historia de la miner\u00eda asturiana.Si no se investigase, ser\u00eda otro golpe, a lo que fue nuestro sustento principal, en todo lo que ha sucedido desde la muerte del dictador.<\/p>\n<!-- AddThis Advanced Settings generic via filter on the_content --><!-- AddThis Share Buttons generic via filter on the_content -->","protected":false},"excerpt":{"rendered":"<p>Sorprende. Tras las sentidas declaraciones del preidente del Principado Adr\u00edan Barb\u00f3n, sobre su pasado minero, lo quiere borrar con un cesae y un cambio de gobierno sino cambia.,. Cinco muertes,cuatro heridos en 2025, de nuevo por corrupciones, es una mancha m\u00e1s sobre laa historia de la miner\u00eda asturiana.Si no se investigase, ser\u00eda otro golpe, a [&hellip;]<!-- AddThis Advanced Settings generic via filter on get_the_excerpt --><!-- AddThis Share Buttons generic via filter on get_the_excerpt --><\/p>\n","protected":false},"author":16,"featured_media":0,"comment_status":"open","ping_status":"closed","sticky":false,"template":"","format":"standard","meta":[],"categories":[1],"tags":[],"_links":{"self":[{"href":"https:\/\/blogs.elcomercio.es\/reflexiones-de-belarmino\/wp-json\/wp\/v2\/posts\/42546"}],"collection":[{"href":"https:\/\/blogs.elcomercio.es\/reflexiones-de-belarmino\/wp-json\/wp\/v2\/posts"}],"about":[{"href":"https:\/\/blogs.elcomercio.es\/reflexiones-de-belarmino\/wp-json\/wp\/v2\/types\/post"}],"author":[{"embeddable":true,"href":"https:\/\/blogs.elcomercio.es\/reflexiones-de-belarmino\/wp-json\/wp\/v2\/users\/16"}],"replies":[{"embeddable":true,"href":"https:\/\/blogs.elcomercio.es\/reflexiones-de-belarmino\/wp-json\/wp\/v2\/comments?post=42546"}],"version-history":[{"count":1,"href":"https:\/\/blogs.elcomercio.es\/reflexiones-de-belarmino\/wp-json\/wp\/v2\/posts\/42546\/revisions"}],"predecessor-version":[{"id":42547,"href":"https:\/\/blogs.elcomercio.es\/reflexiones-de-belarmino\/wp-json\/wp\/v2\/posts\/42546\/revisions\/42547"}],"wp:attachment":[{"href":"https:\/\/blogs.elcomercio.es\/reflexiones-de-belarmino\/wp-json\/wp\/v2\/media?parent=42546"}],"wp:term":[{"taxonomy":"category","embeddable":true,"href":"https:\/\/blogs.elcomercio.es\/reflexiones-de-belarmino\/wp-json\/wp\/v2\/categories?post=42546"},{"taxonomy":"post_tag","embeddable":true,"href":"https:\/\/blogs.elcomercio.es\/reflexiones-de-belarmino\/wp-json\/wp\/v2\/tags?post=42546"}],"curies":[{"name":"wp","href":"https:\/\/api.w.org\/{rel}","templated":true}]}}