{"id":42552,"date":"2025-04-19T13:06:12","date_gmt":"2025-04-19T11:06:12","guid":{"rendered":"https:\/\/blogs.elcomercio.es\/reflexiones-de-belarmino\/?p=42552"},"modified":"2025-04-19T13:06:13","modified_gmt":"2025-04-19T11:06:13","slug":"vance-no-ve-al-papa-aunque-se-convirtio-al-catolicismo-en-agosto-de-inmediato-se-enfrento-a-las-tesis-de-francisco","status":"publish","type":"post","link":"https:\/\/blogs.elcomercio.es\/reflexiones-de-belarmino\/2025\/04\/19\/vance-no-ve-al-papa-aunque-se-convirtio-al-catolicismo-en-agosto-de-inmediato-se-enfrento-a-las-tesis-de-francisco\/","title":{"rendered":"\u00a1\u00a1\u00a1 VANCE NO VE AL PAPA. AUNQUE SE CONVIRTI\u00d3 AL CATOLICISMO EN AGOSTO, DE INMEDIATO SE ENFRENT\u00d3 A LAS TESIS DE FRANCISCO !!!!"},"content":{"rendered":"\n<p>Si alguien est\u00e1 bien informada desde hace 2,000 a\u00f1os es la Iglesia Catolica Apostolica y Romana. Con &#8220;cuadros&#8221;,  opispos en casi todo el planeta, est\u00e1n bien nutridos de lo que sucede en el mundo. Por ello, Francisco entendi\u00f3 la lectura del vicepresidente Vance al cambiar de los evangelistas a ser cat\u00f3lico, quiz\u00e1s primer paso para el intento de suceder a Trump,Pero tambi\u00e9n ley\u00f3 los ataques a la Uni\u00f3n Europea  en Munich y sobre todos los analisis religiosos de Vance contrarios a Francisco. Por todo ello, no le di\u00f3 la foto con \u00e9l y su familia que tendr\u00eda un sentido politico(bueno es sabado todavia), toda vez que detras de Vance, estan la Iglesia Cat\u00f3lica Norteamericana, una de las grandes enfrentadores a la politica social del primer Papa jusita en la historia del Catolicismo.<\/p>\n\n\n\n<p>Parace obvio que todos est\u00e1n al acecho de un pr\u00f3ximo Conclave en 2025.<\/p>\n\n\n\n<p>Recordemos el caso de Juan Pablo I, &#8220;la equivocaci\u00f3n&#8221;, la subita muerte, y la entrada de Juan Pablo II, quien ten\u00eda su objetivos tirar a la URSS y que lo logr\u00f3.<\/p>\n\n\n\n<p>Putin seguramente, en Africa, Asia y Am\u00e9rica Latina est\u00e1 moviendo sus fichas en la misma diecci\u00f3n del 70 % de los cardenales ya nobrados por Francisco.<\/p>\n\n\n\n<p>Por supuesto que el trato deferencial de Trump, con Meloni, est\u00e1 ligado al futuro de la Iglesia<\/p>\n<!-- AddThis Advanced Settings generic via filter on the_content --><!-- AddThis Share Buttons generic via filter on the_content -->","protected":false},"excerpt":{"rendered":"<p>Si alguien est\u00e1 bien informada desde hace 2,000 a\u00f1os es la Iglesia Catolica Apostolica y Romana. Con &#8220;cuadros&#8221;, opispos en casi todo el planeta, est\u00e1n bien nutridos de lo que sucede en el mundo. Por ello, Francisco entendi\u00f3 la lectura del vicepresidente Vance al cambiar de los evangelistas a ser cat\u00f3lico, quiz\u00e1s primer paso para [&hellip;]<!-- AddThis Advanced Settings generic via filter on get_the_excerpt --><!-- AddThis Share Buttons generic via filter on get_the_excerpt --><\/p>\n","protected":false},"author":16,"featured_media":0,"comment_status":"open","ping_status":"closed","sticky":false,"template":"","format":"standard","meta":[],"categories":[1],"tags":[],"_links":{"self":[{"href":"https:\/\/blogs.elcomercio.es\/reflexiones-de-belarmino\/wp-json\/wp\/v2\/posts\/42552"}],"collection":[{"href":"https:\/\/blogs.elcomercio.es\/reflexiones-de-belarmino\/wp-json\/wp\/v2\/posts"}],"about":[{"href":"https:\/\/blogs.elcomercio.es\/reflexiones-de-belarmino\/wp-json\/wp\/v2\/types\/post"}],"author":[{"embeddable":true,"href":"https:\/\/blogs.elcomercio.es\/reflexiones-de-belarmino\/wp-json\/wp\/v2\/users\/16"}],"replies":[{"embeddable":true,"href":"https:\/\/blogs.elcomercio.es\/reflexiones-de-belarmino\/wp-json\/wp\/v2\/comments?post=42552"}],"version-history":[{"count":1,"href":"https:\/\/blogs.elcomercio.es\/reflexiones-de-belarmino\/wp-json\/wp\/v2\/posts\/42552\/revisions"}],"predecessor-version":[{"id":42553,"href":"https:\/\/blogs.elcomercio.es\/reflexiones-de-belarmino\/wp-json\/wp\/v2\/posts\/42552\/revisions\/42553"}],"wp:attachment":[{"href":"https:\/\/blogs.elcomercio.es\/reflexiones-de-belarmino\/wp-json\/wp\/v2\/media?parent=42552"}],"wp:term":[{"taxonomy":"category","embeddable":true,"href":"https:\/\/blogs.elcomercio.es\/reflexiones-de-belarmino\/wp-json\/wp\/v2\/categories?post=42552"},{"taxonomy":"post_tag","embeddable":true,"href":"https:\/\/blogs.elcomercio.es\/reflexiones-de-belarmino\/wp-json\/wp\/v2\/tags?post=42552"}],"curies":[{"name":"wp","href":"https:\/\/api.w.org\/{rel}","templated":true}]}}